{"id":27587,"date":"2011-10-25T00:00:00","date_gmt":"2011-10-25T02:00:00","guid":{"rendered":"https:\/\/www.zecadirceu.com.br\/folha-de-s-paulo-recusa-ir-a-audiencia-na-camara-dos-deputados-debater-caso-de-censura\/"},"modified":"2011-10-25T00:00:00","modified_gmt":"2011-10-25T02:00:00","slug":"folha-de-s-paulo-recusa-ir-a-audiencia-na-camara-dos-deputados-debater-caso-de-censura","status":"publish","type":"post","link":"https:\/\/teste.bsb.br\/zeca\/folha-de-s-paulo-recusa-ir-a-audiencia-na-camara-dos-deputados-debater-caso-de-censura\/","title":{"rendered":"Folha de S. Paulo recusa ir \u00e0 audi\u00eancia na C\u00e2mara dos Deputados debater caso de censura"},"content":{"rendered":"<p>A Folha de S. Paulo se negou a participar da audi&ecirc;ncia p&uacute;blica que ser&aacute; realizada na pr&oacute;xima quarta-feira (26) pela Comiss&atilde;o de Legisla&ccedil;&atilde;o Participativa da C&acirc;mara dos Deputados para debater o caso de censura imposto pelo jornal paulista ao blog Falha de S. Paulo. Por meio de nota, assinada pelo diretor de reda&ccedil;&atilde;o, Ot&aacute;vio Frias Filho, pelo editor-executivo, S&eacute;rgio D&aacute;vila, e pelo secret&aacute;rio de reda&ccedil;&atilde;o, Vinicius Mota, a Folha de S. Paulo informa &ldquo;declinar&rdquo; do convite por &ldquo;discordar de seus pressupostos&rdquo;. Tamb&eacute;m convocada para representar a Folha, a advogada que assina a a&ccedil;&atilde;o contra o blog Falha, Tais Gasparin, alegou viagem ao exterior.<\/p>\n<p>\nAutor do requerimento, o deputado federal Paulo Pimenta afirma que mesmo com a aus&ecirc;ncia da Folha aos debates a audi&ecirc;ncia ser&aacute; realizada. &ldquo;Cada vez que um ve&iacute;culo jornal&iacute;stico tem sua atua&ccedil;&atilde;o limitada pela a&ccedil;&atilde;o do Poder Judici&aacute;rio, fala-se em censura, e a grande m&iacute;dia e a Associa&ccedil;&atilde;o Nacional de Jornais (ANJ) bradam em favor da liberdade de express&atilde;o no pa&iacute;s. &Eacute; curioso, nesse caso, que a Folha, ao se sentir atingida, tenha buscado o caminho da justi&ccedil;a para calar a os irm&atilde;os Lino e M&aacute;rio Bochini e, al&eacute;m disso, n&atilde;o se tenha visto qualquer tipo de movimento na imprensa contestando a a&ccedil;&atilde;o da Folha&rdquo;, critica o parlamentar.<\/p>\n<p>\nO deputado Pimenta disse ainda &ldquo;lamentar&rdquo; que a Folha tenha se manifestado apenas por meio de uma nota, perdendo a oportunidade de prestar esclarecimentos &agrave; sociedade brasileira e promover um debate &ldquo;qualificado&rdquo; sobre liberdade de express&atilde;o. &ldquo;Em mais esse epis&oacute;dio, fica revelada a postura contradit&oacute;ria do jornal paulista, ao se negar a dar informa&ccedil;&otilde;es de suas a&ccedil;&otilde;es, justo a Folha que existe e sobrevive do ato de informar. Um jornal que diz estar a servi&ccedil;o do Brasil, n&atilde;o deveria agir como se estivesse acima dos brasileiros&rdquo;, avalia o deputado Pimenta.<\/p>\n<p>\nPara um dos criadores do blog Falha de S. Paulo, Lino Bochini, a atitude da Folha de S. Paulo j&aacute; era esperada. &ldquo;A Folha foge desse debate, eles dizem que defendem liberdade de express&atilde;o mas n&atilde;o suportaram ser criticados por um blog, como o Falha de S. Paulo. Parece que o autoritarismo ainda faz parte da marca deste jornal, que apoiou a ditadura no Brasil e se sente intimidada quando provocada publicamente&rdquo;, diz Lino.<\/p>\n<p>\nFolha x Falha<\/p>\n<p>Em setembro de 2010, os irm&atilde;os M&aacute;rio e Lino Ito Bocchini criaram o blog Falha de S.Paulo, uma par&oacute;dia ao jornal paulista. Ap&oacute;s um m&ecirc;s no ar, o jornal entrou na Justi&ccedil;a para tirar o blog do ar. Al&eacute;m de cassar o endere&ccedil;o na web, a Folha abriu um processo contra os criadores do site, pedindo indeniza&ccedil;&atilde;o em dinheiro por danos morais.<\/p>\n<p>&nbsp;<\/p>\n<p>A audi&ecirc;ncia ser&aacute; realizada nesta quarta-feira (26), &agrave;s 14h30, no plen&aacute;rio 3 da Comiss&atilde;o de Legisla&ccedil;&atilde;o Participativa. Foram convidados os criadores do blog Falha de S. Paulo, Lino Boccchini e Mario Ito Bocchini; o propriet&aacute;rio do jornal Folha de S&atilde;o Paulo, Ot&aacute;vio Frias Filho; o diretor de reda&ccedil;&atilde;o da Folha de S&atilde;o Paulo; S&eacute;rgio D&aacute;vila; a advogada do jornal paulista, Ta&iacute;s Gasparian; o secret&aacute;rio de reda&ccedil;&atilde;o da Folha de S&atilde;o Paulo, Vinicius Mota; e Ordem dos Advogados do Brasil (OAB), Federa&ccedil;&atilde;o Nacional dos Jornalistas (Fenaj) e Associa&ccedil;&atilde;o Nacional dos Jornais (ANJ).<\/p>\n","protected":false},"excerpt":{"rendered":"<p>A Folha de S. Paulo se negou a participar da audi\u00eancia p\u00fablica que ser\u00e1 realizada na pr\u00f3xima quarta-feira (26) pela Comiss\u00e3o de Legisla\u00e7\u00e3o Participativa da C\u00e2mara dos Deputados para debater o caso de censura imposto pelo jornal paulista ao blog Falha de S. Paulo.<\/p>\n","protected":false},"author":1,"featured_media":27586,"comment_status":"open","ping_status":"open","sticky":false,"template":"","format":"standard","meta":{"footnotes":""},"categories":[1],"tags":[348,6468,6467],"class_list":["post-27587","post","type-post","status-publish","format-standard","has-post-thumbnail","hentry","category-noticias-zeca-dirceu","tag-camara","tag-falha","tag-folha-de-sp"],"_links":{"self":[{"href":"https:\/\/teste.bsb.br\/zeca\/wp-json\/wp\/v2\/posts\/27587","targetHints":{"allow":["GET"]}}],"collection":[{"href":"https:\/\/teste.bsb.br\/zeca\/wp-json\/wp\/v2\/posts"}],"about":[{"href":"https:\/\/teste.bsb.br\/zeca\/wp-json\/wp\/v2\/types\/post"}],"author":[{"embeddable":true,"href":"https:\/\/teste.bsb.br\/zeca\/wp-json\/wp\/v2\/users\/1"}],"replies":[{"embeddable":true,"href":"https:\/\/teste.bsb.br\/zeca\/wp-json\/wp\/v2\/comments?post=27587"}],"version-history":[{"count":0,"href":"https:\/\/teste.bsb.br\/zeca\/wp-json\/wp\/v2\/posts\/27587\/revisions"}],"wp:featuredmedia":[{"embeddable":true,"href":"https:\/\/teste.bsb.br\/zeca\/wp-json\/wp\/v2\/media\/27586"}],"wp:attachment":[{"href":"https:\/\/teste.bsb.br\/zeca\/wp-json\/wp\/v2\/media?parent=27587"}],"wp:term":[{"taxonomy":"category","embeddable":true,"href":"https:\/\/teste.bsb.br\/zeca\/wp-json\/wp\/v2\/categories?post=27587"},{"taxonomy":"post_tag","embeddable":true,"href":"https:\/\/teste.bsb.br\/zeca\/wp-json\/wp\/v2\/tags?post=27587"}],"curies":[{"name":"wp","href":"https:\/\/api.w.org\/{rel}","templated":true}]}}