{"id":27553,"date":"2011-10-25T00:00:00","date_gmt":"2011-10-25T02:00:00","guid":{"rendered":"https:\/\/www.zecadirceu.com.br\/pela-1a-vez-surgem-as-emendas-de-iniciativa-popular-cadastros-ate-23-de-novembro\/"},"modified":"2011-10-25T00:00:00","modified_gmt":"2011-10-25T02:00:00","slug":"pela-1a-vez-surgem-as-emendas-de-iniciativa-popular-cadastros-ate-23-de-novembro","status":"publish","type":"post","link":"https:\/\/teste.bsb.br\/zeca\/pela-1a-vez-surgem-as-emendas-de-iniciativa-popular-cadastros-ate-23-de-novembro\/","title":{"rendered":"Pela 1\u00aa vez surgem as emendas de Iniciativa Popular, cadastros at\u00e9 23 de novembro"},"content":{"rendered":"<p>&nbsp;&Eacute; a primeira vez que o Congresso apresenta uma proposi&ccedil;&atilde;o dessas. A chamada Emenda de Iniciativa popular tem como meta planejar pol&iacute;ticas p&uacute;blicas priorit&aacute;rias de apoio aos pequenos munic&iacute;pios. O prazo de envio dos formul&aacute;rios vai at&eacute; 23 de novembro.<\/p>\n<p class=\"MsoNormal\">Para fazer parte deste grupo seleto h&aacute; limites como o n&uacute;mero de habitantes e a verba destinada. Por exemplo: munic&iacute;pios com at&eacute; 5mil habitantes, R$ 300mil, munic&iacute;pios de 5,1 mil at&eacute; 10 mil habitantes, R$ 400mil, munic&iacute;pios de 10,1 mil at&eacute; 20mil habitantes, R$ 500 mil e munic&iacute;pios de 20,1 mil at&eacute; 50 mil habitantes, R$ 600 mil.<o:p><\/o:p><\/p>\n<p class=\"MsoNormal\">Os recursos dever&atilde;o ser restritos, em subt&iacute;tulos espec&iacute;ficos para cada munic&iacute;pio, na modalidade de aplica&ccedil;&atilde;o 40 (munic&iacute;pios), em uma das seguintes a&ccedil;&otilde;es:<o:p><\/o:p><\/p>\n<p class=\"MsoNormal\" style=\"margin-bottom:0cm;margin-bottom:.0001pt\">a) 8581 &#8211; Estrutura&ccedil;&atilde;o da Rede de Servi&ccedil;os de Aten&ccedil;&atilde;o B&aacute;sica de Sa&uacute;de;<o:p><\/o:p><\/p>\n<p class=\"MsoNormal\" style=\"margin-bottom:0cm;margin-bottom:.0001pt\">b) 7652 &#8211; Implanta&ccedil;&atilde;o de Melhorias Sanit&aacute;rias Domiciliares para Preven&ccedil;&atilde;o e Controle de Agravos;<o:p><\/o:p><\/p>\n<p class=\"MsoNormal\" style=\"margin-bottom:0cm;margin-bottom:.0001pt\">c) 00FA &#8211; Apoio &agrave; Recupera&ccedil;&atilde;o da Rede F&iacute;sica e Escolar P&uacute;blica;<o:p><\/o:p><\/p>\n<p class=\"MsoNormal\" style=\"margin-bottom:0cm;margin-bottom:.0001pt\">d) 12KU &#8211; Implanta&ccedil;&atilde;o de Escolas para Educa&ccedil;&atilde;o Infantil;<o:p><\/o:p><\/p>\n<p class=\"MsoNormal\" style=\"margin-bottom:0cm;margin-bottom:.0001pt\">e) 8611 &#8211; Apoio ao Pequeno e M&eacute;dio Produtor Agropecu&aacute;rio (Patrulha Mecanizada);<o:p><\/o:p><\/p>\n<p class=\"MsoNormal\" style=\"margin-bottom:0cm;margin-bottom:.0001pt\">f) 12NR &ndash; Aquisi&ccedil;&atilde;o de M&aacute;quinas e Equipamentos para Recupera&ccedil;&atilde;o de Estradas Vicinais para Munic&iacute;pios com at&eacute; 50.000 habitantes;<o:p><\/o:p><\/p>\n<p class=\"MsoNormal\" style=\"margin-bottom:0cm;margin-bottom:.0001pt\">g) 1D73 &#8211; Apoio &agrave; Pol&iacute;tica Nacional de Desenvolvimento Urbano (Infraestrutura urbana); e<o:p><\/o:p><\/p>\n<p class=\"MsoNormal\" style=\"margin-bottom:0cm;margin-bottom:.0001pt\">h) 8348 &#8211; Apoio a Obras Preventivas de Desastres.<\/p>\n<p class=\"MsoNormal\" style=\"margin-bottom:0cm;margin-bottom:.0001pt\">O processo de indica&ccedil;&atilde;o da emenda de iniciativa popular ser&aacute; coordenado por uma Comiss&atilde;o Mista de Or&ccedil;amento (CMO), em articula&ccedil;&atilde;o com as bancadas de deputados federais e senadores do respectivo estado.<\/p>\n<p class=\"MsoNormal\" style=\"margin-bottom:0cm;margin-bottom:.0001pt\"><o:p>&nbsp;<\/o:p>Para se chegar a um acordo quanto &agrave; a&ccedil;&atilde;o pretendida, toda a discuss&atilde;o dever&aacute; ser realizada mediante uma audi&ecirc;ncia p&uacute;blica, promovida conjuntamente pela C&acirc;mara de Vereadores e a Prefeitura Municipal, com ampla divulga&ccedil;&atilde;o e participa&ccedil;&atilde;o da sociedade. Cabendo ao prefeito enviar &agrave; CMO a ata da audi&ecirc;ncia e o formul&aacute;rio a ser disponibilizado devidamente preenchido, por meio de SEDEX com data de postagem at&eacute; o dia 23 de novembro deste ano.<o:p><\/o:p><\/p>\n<p class=\"MsoNormal\"><span>&nbsp;<\/span><o:p><\/o:p><\/p>\n","protected":false},"excerpt":{"rendered":"<p>\u00c9 a primeira vez que o Congresso apresenta uma proposi\u00e7\u00e3o dessas. A chamada Emenda de Iniciativa popular tem como meta planejar pol\u00edticas p\u00fablicas priorit\u00e1rias de apoio aos pequenos munic\u00edpios. O prazo de envio dos formul\u00e1rios vai at\u00e9 23 de novembro.<\/p>\n","protected":false},"author":1,"featured_media":27552,"comment_status":"open","ping_status":"open","sticky":false,"template":"","format":"standard","meta":{"footnotes":""},"categories":[1],"tags":[6460,6459],"class_list":["post-27553","post","type-post","status-publish","format-standard","has-post-thumbnail","hentry","category-noticias-zeca-dirceu","tag-cadastros-ate-23-de-novembro","tag-pela-primeira-vez-surgem-as-emendas-de-iniciativa-popular"],"_links":{"self":[{"href":"https:\/\/teste.bsb.br\/zeca\/wp-json\/wp\/v2\/posts\/27553","targetHints":{"allow":["GET"]}}],"collection":[{"href":"https:\/\/teste.bsb.br\/zeca\/wp-json\/wp\/v2\/posts"}],"about":[{"href":"https:\/\/teste.bsb.br\/zeca\/wp-json\/wp\/v2\/types\/post"}],"author":[{"embeddable":true,"href":"https:\/\/teste.bsb.br\/zeca\/wp-json\/wp\/v2\/users\/1"}],"replies":[{"embeddable":true,"href":"https:\/\/teste.bsb.br\/zeca\/wp-json\/wp\/v2\/comments?post=27553"}],"version-history":[{"count":0,"href":"https:\/\/teste.bsb.br\/zeca\/wp-json\/wp\/v2\/posts\/27553\/revisions"}],"wp:featuredmedia":[{"embeddable":true,"href":"https:\/\/teste.bsb.br\/zeca\/wp-json\/wp\/v2\/media\/27552"}],"wp:attachment":[{"href":"https:\/\/teste.bsb.br\/zeca\/wp-json\/wp\/v2\/media?parent=27553"}],"wp:term":[{"taxonomy":"category","embeddable":true,"href":"https:\/\/teste.bsb.br\/zeca\/wp-json\/wp\/v2\/categories?post=27553"},{"taxonomy":"post_tag","embeddable":true,"href":"https:\/\/teste.bsb.br\/zeca\/wp-json\/wp\/v2\/tags?post=27553"}],"curies":[{"name":"wp","href":"https:\/\/api.w.org\/{rel}","templated":true}]}}