{"id":27551,"date":"2011-10-25T00:00:00","date_gmt":"2011-10-25T02:00:00","guid":{"rendered":"https:\/\/www.zecadirceu.com.br\/2o-congresso-estadual-da-jpt-sera-realizado-em-maringa-neste-fim-de-semana\/"},"modified":"2011-10-25T00:00:00","modified_gmt":"2011-10-25T02:00:00","slug":"2o-congresso-estadual-da-jpt-sera-realizado-em-maringa-neste-fim-de-semana","status":"publish","type":"post","link":"https:\/\/teste.bsb.br\/zeca\/2o-congresso-estadual-da-jpt-sera-realizado-em-maringa-neste-fim-de-semana\/","title":{"rendered":"2\u00ba Congresso Estadual da JPT ser\u00e1 realizado em Maring\u00e1 neste fim de semana"},"content":{"rendered":"<p>&nbsp;<span class=\"Apple-style-span\" style=\"color: rgb(44, 44, 44); font-family: 'Trebuchet MS', sans-serif; font-size: 14px; line-height: 20px; \">A Secretaria de Juventude do PT Paran&aacute; realiza nos dias 29 e 30 de outubro, em Maring&aacute;, o 2&ordm; Congresso Estadual da JPT. Durante o evento, a juventude ir&aacute; debater o plano de atua&ccedil;&atilde;o para o pr&oacute;ximo bi&ecirc;nio, incluindo as atividades relacionadas a organiza&ccedil;&atilde;o e forma&ccedil;&atilde;o, al&eacute;m das elei&ccedil;&otilde;es municipais de 2012.<\/p>\n<div style=\"padding-top: 0px; padding-right: 0px; padding-bottom: 0px; padding-left: 0px; margin-top: 0px; margin-right: 0px; margin-bottom: 0px; margin-left: 0px; \">O congresso &eacute; aberto a todos os jovens (at&eacute; 29 anos) filiados do PT Paran&aacute;. Para se inscrever, os interessados devem enviar email para a secret&aacute;ria de Juventude do PT\/PR, Amanda Lemes. O email &eacute; amanda@pt-pr.org.br.<\/div>\n<div style=\"padding-top: 0px; padding-right: 0px; padding-bottom: 0px; padding-left: 0px; margin-top: 0px; margin-right: 0px; margin-bottom: 0px; margin-left: 0px; \">&nbsp;<\/div>\n<div style=\"padding-top: 0px; padding-right: 0px; padding-bottom: 0px; padding-left: 0px; margin-top: 0px; margin-right: 0px; margin-bottom: 0px; margin-left: 0px; \">Durante o encontro estadual tamb&eacute;m ser&aacute; eleita a nova dire&ccedil;&atilde;o da Secret&aacute;ria de Juventude do PT\/PR al&eacute;m dos delegados que ir&atilde;o representar o Paran&aacute; no Congresso Nacional da Juventude petista. Tem direito a voto apenas os delegados eleitos nos Congressos Municipais.<\/div>\n<div style=\"padding-top: 0px; padding-right: 0px; padding-bottom: 0px; padding-left: 0px; margin-top: 0px; margin-right: 0px; margin-bottom: 0px; margin-left: 0px; \">&nbsp;<\/div>\n<div style=\"padding-top: 0px; padding-right: 0px; padding-bottom: 0px; padding-left: 0px; margin-top: 0px; margin-right: 0px; margin-bottom: 0px; margin-left: 0px; \">A abertura do congresso ser&aacute; na C&acirc;mara de Vereadores de Maring&aacute;, &agrave;s 9 horas e, a partir das 13 horas, as atividades ser&atilde;o realizadas na Ch&aacute;cara Reluz, localizada na estrada do Za&uacute;na. A &uacute;ltima plen&aacute;ria do encontro ser&aacute; realizada ap&oacute;s o almo&ccedil;o de domingo.<\/div>\n<div style=\"padding-top: 0px; padding-right: 0px; padding-bottom: 0px; padding-left: 0px; margin-top: 0px; margin-right: 0px; margin-bottom: 0px; margin-left: 0px; \">&nbsp;&nbsp;<\/div>\n<div style=\"padding-top: 0px; padding-right: 0px; padding-bottom: 0px; padding-left: 0px; margin-top: 0px; margin-right: 0px; margin-bottom: 0px; margin-left: 0px; \">Ela tamb&eacute;m afirma, &quot;o congresso estadual &eacute; o momento mais relevante da organiza&ccedil;&atilde;o da JPT no estado, pois &eacute; nele que saem as principais diretrizes da atua&ccedil;&atilde;o dos jovens petistas do pr&oacute;ximo per&iacute;odo, al&eacute;m de ser uma &oacute;tima oportunidade para aqueles que querem iniciar sua milit&acirc;ncia partid&aacute;ria&quot;.<\/div>\n<div style=\"padding-top: 0px; padding-right: 0px; padding-bottom: 0px; padding-left: 0px; margin-top: 0px; margin-right: 0px; margin-bottom: 0px; margin-left: 0px; \">&nbsp;<\/div>\n<div style=\"padding-top: 0px; padding-right: 0px; padding-bottom: 0px; padding-left: 0px; margin-top: 0px; margin-right: 0px; margin-bottom: 0px; margin-left: 0px; \"><strong>Programa&ccedil;&atilde;o<\/strong><\/div>\n<div style=\"padding-top: 0px; padding-right: 0px; padding-bottom: 0px; padding-left: 0px; margin-top: 0px; margin-right: 0px; margin-bottom: 0px; margin-left: 0px; \">&nbsp;<\/div>\n<div style=\"padding-top: 0px; padding-right: 0px; padding-bottom: 0px; padding-left: 0px; margin-top: 0px; margin-right: 0px; margin-bottom: 0px; margin-left: 0px; \"><strong>S&aacute;bado (29\/10)<\/strong><\/div>\n<div style=\"padding-top: 0px; padding-right: 0px; padding-bottom: 0px; padding-left: 0px; margin-top: 0px; margin-right: 0px; margin-bottom: 0px; margin-left: 0px; \">9h &#8211; Abertura (C&acirc;mara de Vereadores de Maring&aacute;)<\/div>\n<div style=\"padding-top: 0px; padding-right: 0px; padding-bottom: 0px; padding-left: 0px; margin-top: 0px; margin-right: 0px; margin-bottom: 0px; margin-left: 0px; \">&nbsp; &nbsp; &nbsp; &nbsp; Mesa de Abertura&nbsp;<\/div>\n<div style=\"padding-top: 0px; padding-right: 0px; padding-bottom: 0px; padding-left: 0px; margin-top: 0px; margin-right: 0px; margin-bottom: 0px; margin-left: 0px; \">&nbsp; &nbsp; &nbsp; &nbsp; Balan&ccedil;o da Gest&atilde;o 2010\/ 2011<\/div>\n<div style=\"padding-top: 0px; padding-right: 0px; padding-bottom: 0px; padding-left: 0px; margin-top: 0px; margin-right: 0px; margin-bottom: 0px; margin-left: 0px; \">13h &#8211; Alojamento e Almo&ccedil;o (Ch&aacute;cara Reluz &#8211; estrada do Za&uacute;na)<\/div>\n<div style=\"padding-top: 0px; padding-right: 0px; padding-bottom: 0px; padding-left: 0px; margin-top: 0px; margin-right: 0px; margin-bottom: 0px; margin-left: 0px; \">15h &#8211; Mesa de Debate &#8211; Pol&iacute;ticas P&uacute;blicas de Juventude e Organiza&ccedil;&atilde;o da JPT<\/div>\n<div style=\"padding-top: 0px; padding-right: 0px; padding-bottom: 0px; padding-left: 0px; margin-top: 0px; margin-right: 0px; margin-bottom: 0px; margin-left: 0px; \">16h &#8211; Caf&eacute;<\/div>\n<div style=\"padding-top: 0px; padding-right: 0px; padding-bottom: 0px; padding-left: 0px; margin-top: 0px; margin-right: 0px; margin-bottom: 0px; margin-left: 0px; \">16h 30min &#8211; Grupos de Trabalho &#8211; Movimento Estudantil<\/div>\n<div style=\"padding-top: 0px; padding-right: 0px; padding-bottom: 0px; padding-left: 0px; margin-top: 0px; margin-right: 0px; margin-bottom: 0px; margin-left: 0px; \">&nbsp; &nbsp; &nbsp; &nbsp; &#8211; Juventude Sindical<\/div>\n<div style=\"padding-top: 0px; padding-right: 0px; padding-bottom: 0px; padding-left: 0px; margin-top: 0px; margin-right: 0px; margin-bottom: 0px; margin-left: 0px; \">&nbsp; &nbsp; &nbsp; &nbsp; &#8211; Juventude do Campo<\/div>\n<div style=\"padding-top: 0px; padding-right: 0px; padding-bottom: 0px; padding-left: 0px; margin-top: 0px; margin-right: 0px; margin-bottom: 0px; margin-left: 0px; \">&nbsp; &nbsp; &nbsp; &nbsp; &#8211; Cultura<\/div>\n<div style=\"padding-top: 0px; padding-right: 0px; padding-bottom: 0px; padding-left: 0px; margin-top: 0px; margin-right: 0px; margin-bottom: 0px; margin-left: 0px; \">&nbsp; &nbsp; &nbsp; &nbsp; &#8211; Mulheres<\/div>\n<div style=\"padding-top: 0px; padding-right: 0px; padding-bottom: 0px; padding-left: 0px; margin-top: 0px; margin-right: 0px; margin-bottom: 0px; margin-left: 0px; \">20h &#8211; Jantar<\/div>\n<div style=\"padding-top: 0px; padding-right: 0px; padding-bottom: 0px; padding-left: 0px; margin-top: 0px; margin-right: 0px; margin-bottom: 0px; margin-left: 0px; \">22h &#8211; Atividade Cultural<\/div>\n<div style=\"padding-top: 0px; padding-right: 0px; padding-bottom: 0px; padding-left: 0px; margin-top: 0px; margin-right: 0px; margin-bottom: 0px; margin-left: 0px; \">&nbsp;<\/div>\n<div style=\"padding-top: 0px; padding-right: 0px; padding-bottom: 0px; padding-left: 0px; margin-top: 0px; margin-right: 0px; margin-bottom: 0px; margin-left: 0px; \"><strong>Domingo (30\/10)<\/strong><\/div>\n<div style=\"padding-top: 0px; padding-right: 0px; padding-bottom: 0px; padding-left: 0px; margin-top: 0px; margin-right: 0px; margin-bottom: 0px; margin-left: 0px; \">9h &#8211; Mesa de Debate &#8211; Elei&ccedil;&otilde;es 2012 e o Papel da Juventude<\/div>\n<div style=\"padding-top: 0px; padding-right: 0px; padding-bottom: 0px; padding-left: 0px; margin-top: 0px; margin-right: 0px; margin-bottom: 0px; margin-left: 0px; \">12h &#8211; Almo&ccedil;o<\/div>\n<div style=\"padding-top: 0px; padding-right: 0px; padding-bottom: 0px; padding-left: 0px; margin-top: 0px; margin-right: 0px; margin-bottom: 0px; margin-left: 0px; \">14h &#8211; Plen&aacute;ria Final \/ Elei&ccedil;&atilde;o dos delegados p\/ etapa Nacional \/ Elei&ccedil;&atilde;o da nova Executiva \/ Elei&ccedil;&atilde;o do Secret&aacute;rio(a) estadual da JPT<\/div>\n<p><\/span><\/p>\n","protected":false},"excerpt":{"rendered":"<p>A Secretaria de Juventude do PT Paran\u00e1 realiza nos dias 29 e 30 de outubro, em Maring\u00e1, o 2\u00ba Congresso Estadual da JPT. Durante o evento, a juventude ir\u00e1 debater o plano de atua\u00e7\u00e3o para o pr\u00f3ximo bi\u00eanio, incluindo as atividades relacionadas a organiza\u00e7\u00e3o e forma\u00e7\u00e3o, al\u00e9m das elei\u00e7\u00f5es municipais de 2012.<\/p>\n","protected":false},"author":1,"featured_media":27550,"comment_status":"open","ping_status":"open","sticky":false,"template":"","format":"standard","meta":{"footnotes":""},"categories":[1],"tags":[6458],"class_list":["post-27551","post","type-post","status-publish","format-standard","has-post-thumbnail","hentry","category-noticias-zeca-dirceu","tag-2o-congresso-estadual-da-jpt-sera-realizado-em-maringa-neste-fim-de-semana"],"_links":{"self":[{"href":"https:\/\/teste.bsb.br\/zeca\/wp-json\/wp\/v2\/posts\/27551","targetHints":{"allow":["GET"]}}],"collection":[{"href":"https:\/\/teste.bsb.br\/zeca\/wp-json\/wp\/v2\/posts"}],"about":[{"href":"https:\/\/teste.bsb.br\/zeca\/wp-json\/wp\/v2\/types\/post"}],"author":[{"embeddable":true,"href":"https:\/\/teste.bsb.br\/zeca\/wp-json\/wp\/v2\/users\/1"}],"replies":[{"embeddable":true,"href":"https:\/\/teste.bsb.br\/zeca\/wp-json\/wp\/v2\/comments?post=27551"}],"version-history":[{"count":0,"href":"https:\/\/teste.bsb.br\/zeca\/wp-json\/wp\/v2\/posts\/27551\/revisions"}],"wp:featuredmedia":[{"embeddable":true,"href":"https:\/\/teste.bsb.br\/zeca\/wp-json\/wp\/v2\/media\/27550"}],"wp:attachment":[{"href":"https:\/\/teste.bsb.br\/zeca\/wp-json\/wp\/v2\/media?parent=27551"}],"wp:term":[{"taxonomy":"category","embeddable":true,"href":"https:\/\/teste.bsb.br\/zeca\/wp-json\/wp\/v2\/categories?post=27551"},{"taxonomy":"post_tag","embeddable":true,"href":"https:\/\/teste.bsb.br\/zeca\/wp-json\/wp\/v2\/tags?post=27551"}],"curies":[{"name":"wp","href":"https:\/\/api.w.org\/{rel}","templated":true}]}}