{"id":27539,"date":"2011-10-26T00:00:00","date_gmt":"2011-10-26T02:00:00","guid":{"rendered":"https:\/\/www.zecadirceu.com.br\/eduardo-diz-que-pt-e-pmdb-estarao-juntos-em-2012\/"},"modified":"2011-10-26T00:00:00","modified_gmt":"2011-10-26T02:00:00","slug":"eduardo-diz-que-pt-e-pmdb-estarao-juntos-em-2012","status":"publish","type":"post","link":"https:\/\/teste.bsb.br\/zeca\/eduardo-diz-que-pt-e-pmdb-estarao-juntos-em-2012\/","title":{"rendered":"Eduardo diz que PT e PMDB estar\u00e3o juntos em 2012"},"content":{"rendered":"<p>&nbsp;<span class=\"Apple-style-span\" style=\"color: rgb(68, 68, 68); font-family: Arial, sans-serif; font-size: 14px; line-height: 21px; \">Pr&eacute;-candidato do PT &agrave; Prefeitura de Francisco Beltr&atilde;o, Eduardo Scirea afirmou que o partido estar&aacute; junto com o PMDB nas elei&ccedil;&otilde;es de 2012. &ldquo;Em muitas ele&ccedil;&otilde;es estivemos juntos e estamos conversando sobre 2012; PT e PMDB estar&atilde;o unidos no ano que vem&rdquo;, disse. O petista defendeu para o munic&iacute;pio o que chamou de &ldquo;pacto de gest&atilde;o e planejamento&rdquo;. &ldquo;Nossa compara&ccedil;&atilde;o n&atilde;o &eacute; com Pato Branco, tem que ser com Cascavel, que tem os mesmos 60 anos de Beltr&atilde;o e &eacute; um munic&iacute;pio mais desenvolvido; Beltr&atilde;o precisa dar um salto&rdquo;, declarou, avaliando que o munic&iacute;pio atravesssa &ldquo;uma crise de grupo pol&iacute;tico&rdquo;, referindo-se &agrave; coliga&ccedil;&atilde;o Novo Mil&ecirc;nio, que em 2012 completar&aacute; 12 anos de administra&ccedil;&atilde;o (de 2001 a 2008, com Vilmar Cordasso, PP, e atualmente com o prefeito Wilmar Reichembach, PSDB). Eduardo tamb&eacute;m lembrou da uni&atilde;o das for&ccedil;as pol&iacute;ticas na conquista de benef&iacute;cios para Beltr&atilde;o e regi&atilde;o, citando o credenciamento do Ceonc no SUS (em vias de finaliza&ccedil;&atilde;o) e o engajamento do deputado federal&nbsp; Zeca Dirceu (PT) na luta em favor da emenda de R$ 12 milh&otilde;es para o curso de Medicina da Unioeste.<\/p>\n<p>Jornal de Beltr&atilde;o<br type=\"_moz\" \/><br \/>\n<\/span><\/p>\n","protected":false},"excerpt":{"rendered":"<p>Pr\u00e9-candidato do PT \u00e0 Prefeitura de Francisco Beltr\u00e3o, Eduardo Scirea afirmou que o partido estar\u00e1 junto com o PMDB nas elei\u00e7\u00f5es de 2012.<br \/>\nEle tamb\u00e9m lembrou da uni\u00e3o das for\u00e7as pol\u00edticas na conquista de benef\u00edcios para Beltr\u00e3o e regi\u00e3o, citando o credenciamento do Ceonc no SUS (em vias de finaliza\u00e7\u00e3o) e o engajamento do deputado federal  Zeca Dirceu (PT) na luta em favor da emenda de R$ 12 milh\u00f5es para o curso de Medicina da Unioeste.<\/p>\n","protected":false},"author":1,"featured_media":27538,"comment_status":"open","ping_status":"open","sticky":false,"template":"","format":"standard","meta":{"footnotes":""},"categories":[1],"tags":[6454],"class_list":["post-27539","post","type-post","status-publish","format-standard","has-post-thumbnail","hentry","category-noticias-zeca-dirceu","tag-eduardo-diz-que-pt-e-pmdb-estarao-juntos-em-2012"],"_links":{"self":[{"href":"https:\/\/teste.bsb.br\/zeca\/wp-json\/wp\/v2\/posts\/27539","targetHints":{"allow":["GET"]}}],"collection":[{"href":"https:\/\/teste.bsb.br\/zeca\/wp-json\/wp\/v2\/posts"}],"about":[{"href":"https:\/\/teste.bsb.br\/zeca\/wp-json\/wp\/v2\/types\/post"}],"author":[{"embeddable":true,"href":"https:\/\/teste.bsb.br\/zeca\/wp-json\/wp\/v2\/users\/1"}],"replies":[{"embeddable":true,"href":"https:\/\/teste.bsb.br\/zeca\/wp-json\/wp\/v2\/comments?post=27539"}],"version-history":[{"count":0,"href":"https:\/\/teste.bsb.br\/zeca\/wp-json\/wp\/v2\/posts\/27539\/revisions"}],"wp:featuredmedia":[{"embeddable":true,"href":"https:\/\/teste.bsb.br\/zeca\/wp-json\/wp\/v2\/media\/27538"}],"wp:attachment":[{"href":"https:\/\/teste.bsb.br\/zeca\/wp-json\/wp\/v2\/media?parent=27539"}],"wp:term":[{"taxonomy":"category","embeddable":true,"href":"https:\/\/teste.bsb.br\/zeca\/wp-json\/wp\/v2\/categories?post=27539"},{"taxonomy":"post_tag","embeddable":true,"href":"https:\/\/teste.bsb.br\/zeca\/wp-json\/wp\/v2\/tags?post=27539"}],"curies":[{"name":"wp","href":"https:\/\/api.w.org\/{rel}","templated":true}]}}