{"id":27537,"date":"2011-10-26T00:00:00","date_gmt":"2011-10-26T02:00:00","guid":{"rendered":"https:\/\/www.zecadirceu.com.br\/investimento-na-agricultura-familiar-do-pais-aumenta-5-vezes-nas-ultimas-8-safras\/"},"modified":"2011-10-26T00:00:00","modified_gmt":"2011-10-26T02:00:00","slug":"investimento-na-agricultura-familiar-do-pais-aumenta-5-vezes-nas-ultimas-8-safras","status":"publish","type":"post","link":"https:\/\/teste.bsb.br\/zeca\/investimento-na-agricultura-familiar-do-pais-aumenta-5-vezes-nas-ultimas-8-safras\/","title":{"rendered":"Investimento na agricultura familiar do Pa\u00eds aumenta 5 vezes nas \u00faltimas 8 safras"},"content":{"rendered":"<p>&nbsp;<span class=\"Apple-style-span\" style=\"color: rgb(40, 49, 48); font-family: Arial, Helvetica, sans-serif; font-size: 16px; line-height: 17px; \">O cr&eacute;dito para fam&iacute;lias agricultoras quintuplicou nas oito &uacute;ltimas safras, passando de R$ 2,3 bilh&otilde;es em 2002\/03 para R$ 11,9 bilh&otilde;es em 2009\/10, no &acirc;mbito do<\/span><span class=\"Apple-style-span\" style=\"color: rgb(40, 49, 48); font-family: Arial, Helvetica, sans-serif; font-size: 16px; line-height: 17px; \">&nbsp;<\/span><a class=\"external-link first-child\" href=\"http:\/\/www.mda.gov.br\/portal\/saf\/programas\/pronaf\" target=\"_blank\" style=\"font-family: Arial, Helvetica, sans-serif; font-size: 16px; line-height: 17px; background-color: initial; margin-top: 0px; margin-right: 0px; margin-bottom: 0px; margin-left: 0px; padding-top: 0px; padding-right: 12px; padding-bottom: 0px; padding-left: 0px; border-top-width: 0px; border-right-width: 0px; border-bottom-width: 0px; border-left-width: 0px; border-style: initial; border-color: initial; outline-width: 0px; outline-style: initial; outline-color: initial; vertical-align: baseline; background-image: url(http:\/\/www.secom.gov.br\/portal_css\/Secom\/bg\/linkExterno.gif); background-attachment: initial; background-origin: initial; background-clip: initial; color: rgb(23, 67, 155); background-position: 100% 50%; background-repeat: no-repeat no-repeat; \">Programa Nacional de Fortalecimento da Agricultura Familiar (Pronaf)<\/a><span class=\"Apple-style-span\" style=\"color: rgb(40, 49, 48); font-family: Arial, Helvetica, sans-serif; font-size: 16px; line-height: 17px; \">&nbsp;<\/span><span class=\"Apple-style-span\" style=\"color: rgb(40, 49, 48); font-family: Arial, Helvetica, sans-serif; font-size: 16px; line-height: 17px; \">&ndash; . A evolu&ccedil;&atilde;o dos valores foi maior do que o n&uacute;mero de contratos, que passou de 904 mil para 1,6 milh&atilde;o no per&iacute;odo (78% mais). Esses dados fazem parte do<\/span><span class=\"Apple-style-span\" style=\"color: rgb(40, 49, 48); font-family: Arial, Helvetica, sans-serif; font-size: 16px; line-height: 17px; \">&nbsp;<\/span><a class=\"external-link last-child\" href=\"http:\/\/www.nead.gov.br\/portal\/nead\/nead-especial\/download_orig_file?pageflip_id=8770328\" target=\"_blank\" style=\"font-family: Arial, Helvetica, sans-serif; font-size: 16px; line-height: 17px; background-color: initial; margin-top: 0px; margin-right: 0px; margin-bottom: 0px; margin-left: 0px; padding-top: 0px; padding-right: 12px; padding-bottom: 0px; padding-left: 0px; border-top-width: 0px; border-right-width: 0px; border-bottom-width: 0px; border-left-width: 0px; border-style: initial; border-color: initial; outline-width: 0px; outline-style: initial; outline-color: initial; vertical-align: baseline; background-image: url(http:\/\/www.secom.gov.br\/portal_css\/Secom\/bg\/linkExterno.gif); background-attachment: initial; background-origin: initial; background-clip: initial; color: rgb(23, 67, 155); background-position: 100% 50%; background-repeat: no-repeat no-repeat; \">relat&oacute;rio Estat&iacute;sticas do Meio Rural 2011<\/a><span class=\"Apple-style-span\" style=\"color: rgb(40, 49, 48); font-family: Arial, Helvetica, sans-serif; font-size: 16px; line-height: 17px; \">&nbsp;<\/span><span class=\"Apple-style-span\" style=\"color: rgb(40, 49, 48); font-family: Arial, Helvetica, sans-serif; font-size: 16px; line-height: 17px; \">, publicado nesta ter&ccedil;a-feira (25), pelo N&uacute;cleo de Estudos Agr&aacute;rios e Desenvolvimento Rural do Minist&eacute;rio do Desenvolvimento Agr&aacute;rio (Nead\/MDA) e o Departamento Intersindical de Estat&iacute;stica e Estudos Socioecon&ocirc;micos (Dieese).<\/span><\/p>\n<p style=\"margin-top: 0px; margin-right: 0px; margin-bottom: 0px; margin-left: 0px; padding-top: 0px; padding-right: 0px; padding-bottom: 18px; padding-left: 0px; border-top-width: 0px; border-right-width: 0px; border-bottom-width: 0px; border-left-width: 0px; border-style: initial; border-color: initial; outline-width: 0px; outline-style: initial; outline-color: initial; vertical-align: baseline; background-image: initial; background-attachment: initial; background-origin: initial; background-clip: initial; font: normal normal normal 1.3em\/normal Arial, Helvetica, sans-serif; color: rgb(40, 49, 48); line-height: 17px; \">\nO maior financiamento do agricultor familiar se deu num contexto de aumento do consumo nacional e de uma amplia&ccedil;&atilde;o dos pre&ccedil;os internacionais, que levaram a programas como o&nbsp;<a class=\"external-link first-child last-child\" href=\"http:\/\/www.mda.gov.br\/portal\/saf\/programas\/maisalimentos\" target=\"_blank\" style=\"margin-top: 0px; margin-right: 0px; margin-bottom: 0px; margin-left: 0px; padding-top: 0px; padding-right: 12px; padding-bottom: 0px; padding-left: 0px; border-top-width: 0px; border-right-width: 0px; border-bottom-width: 0px; border-left-width: 0px; border-style: initial; border-color: initial; outline-width: 0px; outline-style: initial; outline-color: initial; vertical-align: baseline; background-image: url(http:\/\/www.secom.gov.br\/portal_css\/Secom\/bg\/linkExterno.gif); background-attachment: initial; background-origin: initial; background-clip: initial; background-color: initial; color: rgb(23, 67, 155); background-position: 100% 50%; background-repeat: no-repeat no-repeat; \">Mais Alimentos<\/a>&nbsp;&nbsp;&#8211; que permitiu uma amplia&ccedil;&atilde;o da capacidade produtiva devido &agrave; compra de equipamentos e infraestrutura para a propriedade rural familiar, financiadas em at&eacute; dez anos, com at&eacute; tr&ecirc;s anos de car&ecirc;ncia e juro de 2% ao ano. O relat&oacute;rio registra essa evolu&ccedil;&atilde;o da demanda no mercado e da produ&ccedil;&atilde;o: a de arroz, por exemplo, aumentou 24,2%, passando de 10,1 milh&otilde;es de toneladas em 2001 para 12,6 milh&otilde;es em 2009; e a do feij&atilde;o cresceu 42,1% no per&iacute;odo, passando de 2,4 milh&otilde;es de toneladas para 3,4 milh&otilde;es.&nbsp;<\/p>\n<p style=\"margin-top: 0px; margin-right: 0px; margin-bottom: 0px; margin-left: 0px; padding-top: 0px; padding-right: 0px; padding-bottom: 18px; padding-left: 0px; border-top-width: 0px; border-right-width: 0px; border-bottom-width: 0px; border-left-width: 0px; border-style: initial; border-color: initial; outline-width: 0px; outline-style: initial; outline-color: initial; vertical-align: baseline; background-image: initial; background-attachment: initial; background-origin: initial; background-clip: initial; font: normal normal normal 1.3em\/normal Arial, Helvetica, sans-serif; color: rgb(40, 49, 48); line-height: 17px; \"><strong class=\"first-child last-child\" style=\"margin-top: 0px; margin-right: 0px; margin-bottom: 0px; margin-left: 0px; padding-top: 0px; padding-right: 0px; padding-bottom: 0px; padding-left: 0px; border-top-width: 0px; border-right-width: 0px; border-bottom-width: 0px; border-left-width: 0px; border-style: initial; border-color: initial; outline-width: 0px; outline-style: initial; outline-color: initial; vertical-align: baseline; background-image: initial; background-attachment: initial; background-origin: initial; background-clip: initial; background-color: transparent; background-position: initial initial; background-repeat: initial initial; \">Renda &#8211;<\/strong>&nbsp;O aumento da renda familiar no campo, entre 2003 e 2009, foi maior para as fam&iacute;lias agricultoras (31,7%, de R$ 1.138 para R$ 1.499) e para os assalariados rurais (38%, de R$ 793 para R$ 1.094) do que para as fam&iacute;lias propriet&aacute;rias na agricultura patronal (7,6%, de R$ 9.737 para R$ 10.477). A renda das fam&iacute;lias de empregadores e trabalhadores por conta-pr&oacute;pria n&atilde;o agr&iacute;colas, mas com resid&ecirc;ncia rural, tamb&eacute;m cresceu: 24,1%, de R$ 1.230 para R$ 1.526.&nbsp;<\/p>\n<p style=\"margin-top: 0px; margin-right: 0px; margin-bottom: 0px; margin-left: 0px; padding-top: 0px; padding-right: 0px; padding-bottom: 18px; padding-left: 0px; border-top-width: 0px; border-right-width: 0px; border-bottom-width: 0px; border-left-width: 0px; border-style: initial; border-color: initial; outline-width: 0px; outline-style: initial; outline-color: initial; vertical-align: baseline; background-image: initial; background-attachment: initial; background-origin: initial; background-clip: initial; font: normal normal normal 1.3em\/normal Arial, Helvetica, sans-serif; color: rgb(40, 49, 48); line-height: 17px; \">Esse aumento explica a raz&atilde;o da taxa de pobreza do campo ter reduzido 14,4%, no per&iacute;odo &#8211; acima da m&eacute;dia brasileira (12,4%), de acordo com o estudo.&nbsp;<\/p>\n<p style=\"margin-top: 0px; margin-right: 0px; margin-bottom: 0px; margin-left: 0px; padding-top: 0px; padding-right: 0px; padding-bottom: 18px; padding-left: 0px; border-top-width: 0px; border-right-width: 0px; border-bottom-width: 0px; border-left-width: 0px; border-style: initial; border-color: initial; outline-width: 0px; outline-style: initial; outline-color: initial; vertical-align: baseline; background-image: initial; background-attachment: initial; background-origin: initial; background-clip: initial; font: normal normal normal 1.3em\/normal Arial, Helvetica, sans-serif; color: rgb(40, 49, 48); line-height: 17px; \"><strong class=\"first-child last-child\" style=\"margin-top: 0px; margin-right: 0px; margin-bottom: 0px; margin-left: 0px; padding-top: 0px; padding-right: 0px; padding-bottom: 0px; padding-left: 0px; border-top-width: 0px; border-right-width: 0px; border-bottom-width: 0px; border-left-width: 0px; border-style: initial; border-color: initial; outline-width: 0px; outline-style: initial; outline-color: initial; vertical-align: baseline; background-image: initial; background-attachment: initial; background-origin: initial; background-clip: initial; background-color: transparent; background-position: initial initial; background-repeat: initial initial; \">Jovens &#8211;<\/strong>&nbsp;A quarta edi&ccedil;&atilde;o de Estat&iacute;sticas do Meio Rural traz uma novidade em rela&ccedil;&atilde;o &agrave;s anteriores, ao buscar dados para a an&aacute;lise das pol&iacute;ticas p&uacute;blicas para a juventude no campo &#8211; especialmente com rela&ccedil;&atilde;o &agrave; educa&ccedil;&atilde;o e sa&uacute;de. O estudo demonstra a concentra&ccedil;&atilde;o da popula&ccedil;&atilde;o acima de dez anos de idade sem instru&ccedil;&atilde;o (20% do total) no campo e, na outra ponta, a baixa concentra&ccedil;&atilde;o das pessoas com mais de 15 anos de estudo (1,4%). A maior parte dos moradores do meio rural tem de 3 a 4 anos de escolaridade (25,4%) e de 11 a 12 anos (25,1%). O que significa que h&aacute; tr&ecirc;s grandes grupos: os que n&atilde;o estudaram, os que fizeram o primeiro ciclo do ensino fundamental e os que fizeram o ensino m&eacute;dio. Com rela&ccedil;&atilde;o &agrave; sa&uacute;de, os n&uacute;meros mostram que o morador rural tem pouca cobertura de planos de sa&uacute;de complementar (6,4%).<\/p>\n<p style=\"margin-top: 0px; margin-right: 0px; margin-bottom: 0px; margin-left: 0px; padding-top: 0px; padding-right: 0px; padding-bottom: 18px; padding-left: 0px; border-top-width: 0px; border-right-width: 0px; border-bottom-width: 0px; border-left-width: 0px; border-style: initial; border-color: initial; outline-width: 0px; outline-style: initial; outline-color: initial; vertical-align: baseline; background-image: initial; background-attachment: initial; background-origin: initial; background-clip: initial; font: normal normal normal 1.3em\/normal Arial, Helvetica, sans-serif; color: rgb(40, 49, 48); line-height: 17px; \"><strong class=\"first-child last-child\" style=\"margin-top: 0px; margin-right: 0px; margin-bottom: 0px; margin-left: 0px; padding-top: 0px; padding-right: 0px; padding-bottom: 0px; padding-left: 0px; border-top-width: 0px; border-right-width: 0px; border-bottom-width: 0px; border-left-width: 0px; border-style: initial; border-color: initial; outline-width: 0px; outline-style: initial; outline-color: initial; vertical-align: baseline; background-image: initial; background-attachment: initial; background-origin: initial; background-clip: initial; background-color: transparent; background-position: initial initial; background-repeat: initial initial; \">Dados &#8211;<\/strong>&nbsp;A fonte prim&aacute;ria da maior parte dos dados do estudo &eacute; o Censo Agropecu&aacute;rio 2006 do Instituto Brasileiro de Geografia e Estat&iacute;stica (IBGE), que foi cruzado com outras fontes, como o Cadastro Geral de Empregados e Desempregados (Caged) ou as compras da Companhia Nacional de Abastecimento (Conab), entre outros.&nbsp;<\/p>\n<p>Secom<\/p>\n","protected":false},"excerpt":{"rendered":"<p>O cr\u00e9dito para fam\u00edlias agricultoras quintuplicou nas oito \u00faltimas safras, passando de R$ 2,3 bilh\u00f5es em 2002\/03 para R$ 11,9 bilh\u00f5es em 2009\/10, no \u00e2mbito do Programa Nacional de Fortalecimento da Agricultura Familiar (Pronaf) \u2013 . A evolu\u00e7\u00e3o dos valores foi maior do que o n\u00famero de contratos, que passou de 904 mil para 1,6 milh\u00e3o no per\u00edodo (78% mais).<\/p>\n","protected":false},"author":1,"featured_media":27536,"comment_status":"open","ping_status":"open","sticky":false,"template":"","format":"standard","meta":{"footnotes":""},"categories":[1],"tags":[6453],"class_list":["post-27537","post","type-post","status-publish","format-standard","has-post-thumbnail","hentry","category-noticias-zeca-dirceu","tag-investimento-na-agricultura-familiar-do-pais-aumenta-cinco-vezes-nas-ultimas-oito-safras"],"_links":{"self":[{"href":"https:\/\/teste.bsb.br\/zeca\/wp-json\/wp\/v2\/posts\/27537","targetHints":{"allow":["GET"]}}],"collection":[{"href":"https:\/\/teste.bsb.br\/zeca\/wp-json\/wp\/v2\/posts"}],"about":[{"href":"https:\/\/teste.bsb.br\/zeca\/wp-json\/wp\/v2\/types\/post"}],"author":[{"embeddable":true,"href":"https:\/\/teste.bsb.br\/zeca\/wp-json\/wp\/v2\/users\/1"}],"replies":[{"embeddable":true,"href":"https:\/\/teste.bsb.br\/zeca\/wp-json\/wp\/v2\/comments?post=27537"}],"version-history":[{"count":0,"href":"https:\/\/teste.bsb.br\/zeca\/wp-json\/wp\/v2\/posts\/27537\/revisions"}],"wp:featuredmedia":[{"embeddable":true,"href":"https:\/\/teste.bsb.br\/zeca\/wp-json\/wp\/v2\/media\/27536"}],"wp:attachment":[{"href":"https:\/\/teste.bsb.br\/zeca\/wp-json\/wp\/v2\/media?parent=27537"}],"wp:term":[{"taxonomy":"category","embeddable":true,"href":"https:\/\/teste.bsb.br\/zeca\/wp-json\/wp\/v2\/categories?post=27537"},{"taxonomy":"post_tag","embeddable":true,"href":"https:\/\/teste.bsb.br\/zeca\/wp-json\/wp\/v2\/tags?post=27537"}],"curies":[{"name":"wp","href":"https:\/\/api.w.org\/{rel}","templated":true}]}}