{"id":27535,"date":"2011-10-26T00:00:00","date_gmt":"2011-10-26T02:00:00","guid":{"rendered":"https:\/\/www.zecadirceu.com.br\/zeca-se-encontra-com-representantes-patronais-do-setor-textil-de-altonia\/"},"modified":"2011-10-26T00:00:00","modified_gmt":"2011-10-26T02:00:00","slug":"zeca-se-encontra-com-representantes-patronais-do-setor-textil-de-altonia","status":"publish","type":"post","link":"https:\/\/teste.bsb.br\/zeca\/zeca-se-encontra-com-representantes-patronais-do-setor-textil-de-altonia\/","title":{"rendered":"Zeca se encontra com representantes patronais do setor t\u00eaxtil de Alt\u00f4nia"},"content":{"rendered":"<p>&nbsp;No in&iacute;cio desta semana, o deputado federal Zeca Dirceu visitou o munic&iacute;pio de Alt&ocirc;nia e participou de uma reuni&atilde;o com dezenas de representantes do setor t&ecirc;xtil e de confec&ccedil;&otilde;es da cidade. Zeca, que &eacute; vice-l&iacute;der da Frente Parlamentar da Ind&uacute;stria T&ecirc;xtil e de Confec&ccedil;&atilde;o na C&acirc;mara dos Deputados, falou aos participantes do encontro sobre as boas medidas adotadas pelo governo da presidenta Dilma Rousseff para apoiar o setor, que gera mais de dois milh&otilde;es de empregos no pa&iacute;s e tem importante participa&ccedil;&atilde;o na economia paranaense, especialmente da regi&atilde;o Noroeste, o maior polo de confec&ccedil;&otilde;es do Estado.<\/p>\n<p class=\"MsoNormal\"><o:p><\/o:p><\/p>\n<p class=\"MsoNormal\">&nbsp;Durante o encontro, representantes do Sindicato Patronal que engloba 240 fac&ccedil;&otilde;es de 11 munic&iacute;pios da microrregi&atilde;o de Alt&ocirc;nia pediram o apoio do deputado Zeca Dirceu para diversas demandas na &aacute;rea t&ecirc;xtil, dentre elas uma maior fiscaliza&ccedil;&atilde;o sobre as importa&ccedil;&otilde;es ilegais que prejudicam a ind&uacute;stria nacional.<o:p><\/o:p><\/p>\n<p class=\"MsoNormal\">&nbsp;Diante de todos, Zeca reafirmou o seu compromisso com o setor. Ou&ccedil;a a reportagem no &iacute;cone abaixo.<\/p>\n","protected":false},"excerpt":{"rendered":"<p>No in\u00edcio desta semana, o deputado federal Zeca Dirceu visitou o munic\u00edpio de Alt\u00f4nia e participou de uma reuni\u00e3o com dezenas de representantes do setor t\u00eaxtil e de confec\u00e7\u00f5es da cidade. Zeca, que \u00e9 vice-l\u00edder da Frente Parlamentar da Ind\u00fastria T\u00eaxtil e de Confec\u00e7\u00e3o na C\u00e2mara dos Deputados, falou aos participantes do encontro sobre as boas medidas adotadas pelo governo da presidenta Dilma Rousseff para apoiar o setor.Ou\u00e7a a reportagem no \u00edcone abaixo.<\/p>\n","protected":false},"author":1,"featured_media":27534,"comment_status":"open","ping_status":"open","sticky":false,"template":"","format":"standard","meta":{"footnotes":""},"categories":[1],"tags":[6452],"class_list":["post-27535","post","type-post","status-publish","format-standard","has-post-thumbnail","hentry","category-noticias-zeca-dirceu","tag-zeca-se-encontra-com-representantes-patronais-do-setor-textil-de-altonia"],"_links":{"self":[{"href":"https:\/\/teste.bsb.br\/zeca\/wp-json\/wp\/v2\/posts\/27535","targetHints":{"allow":["GET"]}}],"collection":[{"href":"https:\/\/teste.bsb.br\/zeca\/wp-json\/wp\/v2\/posts"}],"about":[{"href":"https:\/\/teste.bsb.br\/zeca\/wp-json\/wp\/v2\/types\/post"}],"author":[{"embeddable":true,"href":"https:\/\/teste.bsb.br\/zeca\/wp-json\/wp\/v2\/users\/1"}],"replies":[{"embeddable":true,"href":"https:\/\/teste.bsb.br\/zeca\/wp-json\/wp\/v2\/comments?post=27535"}],"version-history":[{"count":0,"href":"https:\/\/teste.bsb.br\/zeca\/wp-json\/wp\/v2\/posts\/27535\/revisions"}],"wp:featuredmedia":[{"embeddable":true,"href":"https:\/\/teste.bsb.br\/zeca\/wp-json\/wp\/v2\/media\/27534"}],"wp:attachment":[{"href":"https:\/\/teste.bsb.br\/zeca\/wp-json\/wp\/v2\/media?parent=27535"}],"wp:term":[{"taxonomy":"category","embeddable":true,"href":"https:\/\/teste.bsb.br\/zeca\/wp-json\/wp\/v2\/categories?post=27535"},{"taxonomy":"post_tag","embeddable":true,"href":"https:\/\/teste.bsb.br\/zeca\/wp-json\/wp\/v2\/tags?post=27535"}],"curies":[{"name":"wp","href":"https:\/\/api.w.org\/{rel}","templated":true}]}}