{"id":27533,"date":"2011-10-26T00:00:00","date_gmt":"2011-10-26T02:00:00","guid":{"rendered":"https:\/\/www.zecadirceu.com.br\/encontro-de-blogueiros-tem-inscricoes-extras-ate-quinta-27\/"},"modified":"2011-10-26T00:00:00","modified_gmt":"2011-10-26T02:00:00","slug":"encontro-de-blogueiros-tem-inscricoes-extras-ate-quinta-27","status":"publish","type":"post","link":"https:\/\/teste.bsb.br\/zeca\/encontro-de-blogueiros-tem-inscricoes-extras-ate-quinta-27\/","title":{"rendered":"Encontro de Blogueiros tem inscri\u00e7\u00f5es extras at\u00e9 quinta (27)"},"content":{"rendered":"<p class=\"MsoNormal\" style=\"text-align:justify\">Quem perdeu o prazo para se inscrever no 1&ordm; Encontro Mundial de Blogueiros, que ser&aacute; realizado de quinta-feira (27) a s&aacute;bado (29) na Itaipu Binacional, ainda tem chances de participar do evento.<o:p><\/o:p><\/p>\n<p class=\"MsoNormal\" style=\"text-align:justify\">A organiza&ccedil;&atilde;o do encontro anunciou nesta ter&ccedil;a-feira (25) que ser&atilde;o aceitas inscri&ccedil;&otilde;es feitas diretamente na secretaria do evento, que ser&aacute; montada no estacionamento da Central de Credenciamento de Itaipu, ao lado da barreira de controle da usina.<o:p><\/o:p><\/p>\n<p class=\"MsoNormal\" style=\"text-align:justify\">&nbsp;O atendimento aos remanescentes ser&aacute; feito na quinta (27), das 18h &agrave;s 20h, e na sexta(28), das 8h &agrave;s 12h30 e das 14h &agrave;s 16h. A taxa de participa&ccedil;&atilde;o &eacute; de R$ 100, com desconto de 50% para estudantes. O n&uacute;mero de vagas oferecidas est&aacute; limitado a cercade novos 200 participantes.<o:p><\/o:p><\/p>\n<p class=\"MsoNormal\" style=\"text-align:justify\">&nbsp;As credenciais dos inscritos tamb&eacute;m dever&atilde;o ser retiradas na secretaria do encontro.Na quinta-feira, a entrega come&ccedil;a &agrave;s 14h.<o:p><\/o:p><\/p>\n<p class=\"MsoNormal\" style=\"text-align:justify\">&nbsp;As ades&otilde;es via internet encerraram nessa segunda-feira (24) e somaram 650 inscritos,p&uacute;blico formado por blogueiros, estudantes e comunicadores de 16 Estados brasileirose mais de 10 pa&iacute;ses.<o:p><\/o:p><\/p>\n<p class=\"MsoNormal\" style=\"text-align:justify\">&nbsp;&nbsp; <o:p><\/o:p><\/p>\n<p class=\"MsoNormal\" style=\"text-align:justify\">No dia do evento<o:p><\/o:p><\/p>\n<p class=\"MsoNormal\" style=\"text-align:justify\">&nbsp;A abertura do encontro est&aacute; programada para 19h desta quinta-feira, no Mirante Central de Itaipu. Na sexta e no s&aacute;bado, a programa&ccedil;&atilde;o ser&aacute; concentrada no Cineteatro do Barrageiro.<o:p><\/o:p><\/p>\n<p class=\"MsoNormal\" style=\"text-align:justify\">&nbsp;Haver&aacute; &ocirc;nibus para transportar os participantes entre a Barreira de Controle de Itaipue o Cineteatro. N&atilde;o ser&aacute; permitida a entrada de ve&iacute;culos particulares na &aacute;rea dausina.<o:p><\/o:p><\/p>\n<p class=\"MsoNormal\" style=\"text-align:justify\">Na quinta-feira (27), os &ocirc;nibus saem &agrave;s 18h30. Na sexta e s&aacute;bado (28 e 29), o transporte ser&aacute; oferecido das 8h &agrave;s 10h, com destino ao Cineteatro do Barrageiro, e das 18h15 &agrave;s 19h30, para a volta &agrave; Barreira.<o:p><\/o:p><\/p>\n<p class=\"MsoNormal\" style=\"text-align:justify\">&nbsp;<o:p><\/o:p><\/p>\n<p class=\"MsoNormal\" style=\"text-align:justify\">Imprensa<o:p><\/o:p><\/p>\n<p class=\"MsoNormal\" style=\"text-align:justify\">&nbsp;O credenciamento da imprensa, exclusivamente para cobertura jornal&iacute;stica, deve ser feito at&eacute; quarta-feira (26) por meio da empresa ClickFoz, apoiadora do encontro. &Eacute; preciso mandar os dados dos participantes e do ve&iacute;culo para o e-mailblogs@clickfozdoiguacu.com.br. O telefone para contato &eacute; o (45) 3028-5300.<o:p><\/o:p><\/p>\n<p class=\"MsoNormal\" style=\"text-align:justify\">&nbsp;Internet e democracia<o:p><\/o:p><\/p>\n<p class=\"MsoNormal\" style=\"text-align:justify\">&nbsp;O 1&ordm; Encontro Mundial de Blogueiros contar&aacute; com a participa&ccedil;&atilde;o de diversos profissionais renomados das &aacute;reas relacionadas &agrave; democracia na comunica&ccedil;&atilde;o. O tema desta primeira edi&ccedil;&atilde;o ser&aacute; &ldquo;O papel da blogosfera na constru&ccedil;&atilde;o da democracia&rdquo;.<o:p><\/o:p><\/p>\n<p class=\"MsoNormal\" style=\"text-align:justify\">&nbsp;<o:p><\/o:p><\/p>\n<p class=\"MsoNormal\" style=\"text-align:justify\">Entre os destaques est&atilde;o o jornalista fundador do jornal franc&ecirc;s Le Monde Diplomatique, Ign&aacute;cio Ramonet; o representante porta-voz do Wikileaks, KristinnHrafnsson; o fundador do site espanhol Rebeli&oacute;n, Pascual Serrano; o blogueiro ativista que foi fundamental para as mobiliza&ccedil;&otilde;es sociais do Egito, Ahmed Bahgat; e o blogueiro cubano Iroel Sanches, entre outros.<o:p><\/o:p><\/p>\n<p class=\"MsoNormal\" style=\"text-align:justify\"><o:p>&nbsp;<\/o:p><\/p>\n<p class=\"MsoNormal\" style=\"text-align:justify\">Assessoria<\/p>\n<div id=\"corpo\" style=\"color: rgb(78, 75, 73); font-family: 'Trebuchet MS', sans-serif; \">&nbsp;<\/div>\n","protected":false},"excerpt":{"rendered":"<p>Quem perdeu o prazo para se inscrever no 1\u00ba Encontro Mundial de Blogueiros, queser\u00e1 realizado de quinta-feira (27) a s\u00e1bado (29) na Itaipu Binacional, ainda temchances de participar do evento.<\/p>\n<p> O deputado Zeca Dirceu j\u00e1 confirmou presen\u00e7a na abertura do encontro. &#8220;Este encontro ser\u00e1 um marco para a comunica\u00e7\u00e3o online, aqui no Brasil&#8221;, ressaltou o parlamentar.<\/p>\n","protected":false},"author":1,"featured_media":27532,"comment_status":"open","ping_status":"open","sticky":false,"template":"","format":"standard","meta":{"footnotes":""},"categories":[1],"tags":[6451],"class_list":["post-27533","post","type-post","status-publish","format-standard","has-post-thumbnail","hentry","category-noticias-zeca-dirceu","tag-encontro-de-blogueiros-tem-inscricoes-extras-ate-quinta-27"],"_links":{"self":[{"href":"https:\/\/teste.bsb.br\/zeca\/wp-json\/wp\/v2\/posts\/27533","targetHints":{"allow":["GET"]}}],"collection":[{"href":"https:\/\/teste.bsb.br\/zeca\/wp-json\/wp\/v2\/posts"}],"about":[{"href":"https:\/\/teste.bsb.br\/zeca\/wp-json\/wp\/v2\/types\/post"}],"author":[{"embeddable":true,"href":"https:\/\/teste.bsb.br\/zeca\/wp-json\/wp\/v2\/users\/1"}],"replies":[{"embeddable":true,"href":"https:\/\/teste.bsb.br\/zeca\/wp-json\/wp\/v2\/comments?post=27533"}],"version-history":[{"count":0,"href":"https:\/\/teste.bsb.br\/zeca\/wp-json\/wp\/v2\/posts\/27533\/revisions"}],"wp:featuredmedia":[{"embeddable":true,"href":"https:\/\/teste.bsb.br\/zeca\/wp-json\/wp\/v2\/media\/27532"}],"wp:attachment":[{"href":"https:\/\/teste.bsb.br\/zeca\/wp-json\/wp\/v2\/media?parent=27533"}],"wp:term":[{"taxonomy":"category","embeddable":true,"href":"https:\/\/teste.bsb.br\/zeca\/wp-json\/wp\/v2\/categories?post=27533"},{"taxonomy":"post_tag","embeddable":true,"href":"https:\/\/teste.bsb.br\/zeca\/wp-json\/wp\/v2\/tags?post=27533"}],"curies":[{"name":"wp","href":"https:\/\/api.w.org\/{rel}","templated":true}]}}