{"id":27531,"date":"2011-10-26T00:00:00","date_gmt":"2011-10-26T02:00:00","guid":{"rendered":"https:\/\/www.zecadirceu.com.br\/eleicao-das-cataratas-do-iguacu-mobiliza-artistas-e-intelectuais-do-rio\/"},"modified":"2011-10-26T00:00:00","modified_gmt":"2011-10-26T02:00:00","slug":"eleicao-das-cataratas-do-iguacu-mobiliza-artistas-e-intelectuais-do-rio","status":"publish","type":"post","link":"https:\/\/teste.bsb.br\/zeca\/eleicao-das-cataratas-do-iguacu-mobiliza-artistas-e-intelectuais-do-rio\/","title":{"rendered":"Elei\u00e7\u00e3o das Cataratas do Igua\u00e7u mobiliza artistas e intelectuais do Rio"},"content":{"rendered":"<p>&nbsp;Martinho da Vila, Leila Pinheiro, Pery Ribeiro, Zez&eacute; Motta, Cravo Albin e mais algumas dezenas de personalidades t&ecirc;m algo mais em comum al&eacute;m de dividirem a cena na vida intelectual do Rio de Janeiro: todos, desde esta quinta-feira (20), s&atilde;o tamb&eacute;m eleitores das Cataratas do Igua&ccedil;u.<\/p>\n<p class=\"MsoNormal\" style=\"text-align:justify\"><o:p><\/o:p><\/p>\n<p class=\"MsoNormal\" style=\"text-align:justify\">Reunidos no Instituto Cultural Cravo Albin, artistas, intelectuais e personalidades cariocas abra&ccedil;aram a campanha Vote Cataratas. O encontro foi organizado pela promoter Ana Tornaghi, a mesma que, em 2007, promoveu manifesta&ccedil;&otilde;es no Brasil e nos mais diversos pa&iacute;ses para conseguir que o Cristo Redentor fosse eleito uma das Sete Maravilhas da Modernidade. Ana Tornaghi diz que agora &eacute; a vez de o Brasil ter mais duas maravilhas reconhecidas, as Cataratas do Igua&ccedil;u e a Amaz&ocirc;nia. &ldquo;&Eacute; uma quest&atilde;o de justi&ccedil;a&rdquo;, diz.<o:p><\/o:p><\/p>\n<p class=\"MsoNormal\" style=\"text-align:justify\">&nbsp;<\/p>\n<p class=\"MsoNormal\" style=\"text-align:justify\">H&aacute; apenas 21 dias para o t&eacute;rmino da vota&ccedil;&atilde;o para eleger as Novas Sete Maravilhas da Natureza, elei&ccedil;&atilde;o promovida pela Funda&ccedil;&atilde;o Su&iacute;&ccedil;a New Seven Wonders, o Comit&ecirc; Local de Apoio &agrave; Candidatura das Cataratas do Igua&ccedil;u foi ao Rio de Janeiro pedir apoio do povo carioca.<o:p><\/o:p><\/p>\n<p class=\"MsoNormal\" style=\"text-align:justify\">&nbsp;Representaram Foz do Igua&ccedil;u no ato p&uacute;blico o secret&aacute;rio municipal de Turismo, Felipe Gonz&aacute;lez, o superintendente de Comunica&ccedil;&atilde;o Social de Itaipu e presidente do Fundo Igua&ccedil;u, Gilmar Piolla, e o vice-presidente do Igua&ccedil;u Convention and Visitors Bureau (ICVB), Enio Eidt.<o:p><\/o:p><\/p>\n<p class=\"MsoNormal\" style=\"text-align:justify\">Piolla mostrou aos cariocas como a campanha foi desenvolvida, desde o comercial que mostra a &ldquo;disputa&rdquo; entre um brasileiro e um argentino querendo provar um ao outro que o lado de l&aacute; ou de c&aacute; &eacute; mais bonito, at&eacute; a mais recente, que pede votos ao som de &ldquo;Que maravilha&rdquo;. Todas as pe&ccedil;as foram aplaudidas.<o:p><\/o:p><\/p>\n<p class=\"MsoNormal\" style=\"text-align:justify\">&Agrave; tarde, os representantes do Destino Igua&ccedil;u promoveram uma passeata pedindo voto &agrave;s Cataratas aos participantes e ao p&uacute;blico do 39&ordm; Congresso Brasileiro de Ag&ecirc;ncia de Viagens e Feira das Am&eacute;ricas &#8211; ABAV 2011, a maior feira de turismo das Am&eacute;ricas, que est&aacute; sendo realizado nos pavilh&otilde;es do Riocentro.<o:p><\/o:p><\/p>\n<p class=\"MsoNormal\" style=\"text-align:justify\">&Agrave; noite, houve um ato p&uacute;blico no Instituto Cravo Albin, localizado no bairro da Urca, zona Sul do Rio. Todos que por l&aacute; passaram j&aacute; votaram na candidatura das Cataratas e prometeram se empenhar para garantir mais votos.<o:p><\/o:p><\/p>\n<p class=\"MsoNormal\" style=\"text-align:justify\">&nbsp;A cantora e atriz Zez&eacute; Motta, por exemplo, disse que esteve diversas vezes em Foz do Igua&ccedil;u, para fazer shows, e que sempre fez quest&atilde;o de visitar as Cataratas, que para ela s&atilde;o inigual&aacute;veis. Peri Ribeiro, ao contr&aacute;rio, nunca p&ocirc;de apreciar o espet&aacute;culo das quedas d&rsquo;&aacute;gua, embora tamb&eacute;m tenha feito shows na cidade. &ldquo;Por quest&otilde;es de agenda, por um motivo ou outro, nunca tive oportunidade. Mas conhe&ccedil;o de filmes e de fotografias, inclusive feitas por minha mulher, recentemente. Elas t&ecirc;m meu voto&rdquo;, afirmou.<\/p>\n<p class=\"MsoNormal\" style=\"text-align:justify\"><o:p><\/o:p><\/p>\n<p class=\"MsoNormal\" style=\"text-align:justify\">Mas n&atilde;o s&atilde;o apenas os artistas que querem as Cataratas do Igua&ccedil;u entre as sete maravilhas da natureza. O embaixador Raul Taunay contou que n&atilde;o h&aacute; no mundo uma beleza natural que se iguale. Em suas viagens como diplomata, Taunay conheceu as cataratas do Niagara, na fronteira do Canad&aacute; com os Estados Unidos, e as cataratas de Vit&oacute;ria, na &Aacute;frica, mas, segundo ele, as Cataratas do Igua&ccedil;u s&atilde;o superiores em todos os sentidos, inclusive pelo entorno, j&aacute; que os parques nacionais que as cercam s&atilde;o Patrim&ocirc;nio da Humanidade.<o:p><\/o:p><\/p>\n<p class=\"MsoNormal\" style=\"text-align:justify\">Entre outros presentes ao ato p&uacute;blico estiveram o jornalista Domingos Meirelles, o produtor musical M&aacute;rio Priolli, a designer Sandra Gracinda Garcez, o tamb&eacute;m designer M&aacute;rio Borriado e o empres&aacute;rio S&eacute;rgio Costa e Silva, criador do projeto &ldquo;M&uacute;sica no museu&rdquo;, todos un&acirc;nimes em afirmar que eleger as Cataratas do Igua&ccedil;u &eacute; uma quest&atilde;o de justi&ccedil;a.<o:p><\/o:p><\/p>\n<p class=\"MsoNormal\" style=\"text-align:justify\"><o:p>&nbsp;Assessoria<\/o:p><\/p>\n","protected":false},"excerpt":{"rendered":"<p>Martinho da Vila, Leila Pinheiro, Pery Ribeiro, Zez\u00e9 Motta, Cravo Albin e mais algumas dezenas de personalidades t\u00eam algo mais em comum al\u00e9m de dividirem a cena na vida intelectual do Rio de Janeiro: todos, desde esta quinta-feira (20), s\u00e3o tamb\u00e9m eleitores das Cataratas do Igua\u00e7u.<\/p>\n","protected":false},"author":1,"featured_media":27530,"comment_status":"open","ping_status":"open","sticky":false,"template":"","format":"standard","meta":{"footnotes":""},"categories":[1],"tags":[6450],"class_list":["post-27531","post","type-post","status-publish","format-standard","has-post-thumbnail","hentry","category-noticias-zeca-dirceu","tag-eleicao-das-cataratas-do-iguacu-mobiliza-artistas-e-intelectuais-do-rio"],"_links":{"self":[{"href":"https:\/\/teste.bsb.br\/zeca\/wp-json\/wp\/v2\/posts\/27531","targetHints":{"allow":["GET"]}}],"collection":[{"href":"https:\/\/teste.bsb.br\/zeca\/wp-json\/wp\/v2\/posts"}],"about":[{"href":"https:\/\/teste.bsb.br\/zeca\/wp-json\/wp\/v2\/types\/post"}],"author":[{"embeddable":true,"href":"https:\/\/teste.bsb.br\/zeca\/wp-json\/wp\/v2\/users\/1"}],"replies":[{"embeddable":true,"href":"https:\/\/teste.bsb.br\/zeca\/wp-json\/wp\/v2\/comments?post=27531"}],"version-history":[{"count":0,"href":"https:\/\/teste.bsb.br\/zeca\/wp-json\/wp\/v2\/posts\/27531\/revisions"}],"wp:featuredmedia":[{"embeddable":true,"href":"https:\/\/teste.bsb.br\/zeca\/wp-json\/wp\/v2\/media\/27530"}],"wp:attachment":[{"href":"https:\/\/teste.bsb.br\/zeca\/wp-json\/wp\/v2\/media?parent=27531"}],"wp:term":[{"taxonomy":"category","embeddable":true,"href":"https:\/\/teste.bsb.br\/zeca\/wp-json\/wp\/v2\/categories?post=27531"},{"taxonomy":"post_tag","embeddable":true,"href":"https:\/\/teste.bsb.br\/zeca\/wp-json\/wp\/v2\/tags?post=27531"}],"curies":[{"name":"wp","href":"https:\/\/api.w.org\/{rel}","templated":true}]}}