{"id":27523,"date":"2011-10-26T00:00:00","date_gmt":"2011-10-26T02:00:00","guid":{"rendered":"https:\/\/www.zecadirceu.com.br\/ministro-da-educacao-vai-a-camara-para-debater-prioridades-com-bancada-petista\/"},"modified":"2011-10-26T00:00:00","modified_gmt":"2011-10-26T02:00:00","slug":"ministro-da-educacao-vai-a-camara-para-debater-prioridades-com-bancada-petista","status":"publish","type":"post","link":"https:\/\/teste.bsb.br\/zeca\/ministro-da-educacao-vai-a-camara-para-debater-prioridades-com-bancada-petista\/","title":{"rendered":"Ministro da Educa\u00e7\u00e3o vai \u00e0 C\u00e2mara para debater prioridades com bancada petista"},"content":{"rendered":"<p>&nbsp;&nbsp;&nbsp; Em reuni&atilde;o com a bancada do PT na C&acirc;mara dos Deputados, nesta ter&ccedil;a-feira (25), o ministro da Educa&ccedil;&atilde;o, Fernando Haddad, fez um r&aacute;pido balan&ccedil;o da sua gest&atilde;o e falou sobre as prioridades do minist&eacute;rio para os pr&oacute;ximos meses. <\/p>\n<p>&nbsp;&nbsp;&nbsp; O ministro anunciou ainda que o MEC deve iniciar, muito em breve, o processo licitat&oacute;rio para a compra de 500 mil tablets para serem distribu&iacute;dos &agrave;s escolas p&uacute;blicas. O minist&eacute;rio aguarda apenas san&ccedil;&atilde;o da isen&ccedil;&atilde;o fiscal que ser&aacute; dada aos fabricantes de tablets para finalizar o edital da licita&ccedil;&atilde;o. O vice-l&iacute;der do PT, deputado Zeca Dirceu, comenta a import&acirc;ncia da vinda do ministro &agrave; C&acirc;mara para debater com a bancada. Ou&ccedil;a!<\/p>\n","protected":false},"excerpt":{"rendered":"<p>Em reuni\u00e3o com a bancada do PT na C\u00e2mara dos Deputados, nesta ter\u00e7a-feira (25), o ministro da Educa\u00e7\u00e3o, Fernando Haddad, fez um r\u00e1pido balan\u00e7o da sua gest\u00e3o e falou sobre as prioridades do minist\u00e9rio para os pr\u00f3ximos meses.<\/p>\n","protected":false},"author":1,"featured_media":27522,"comment_status":"open","ping_status":"open","sticky":false,"template":"","format":"standard","meta":{"footnotes":""},"categories":[1],"tags":[348,1837,448],"class_list":["post-27523","post","type-post","status-publish","format-standard","has-post-thumbnail","hentry","category-noticias-zeca-dirceu","tag-camara","tag-ministerio-da-educacao","tag-ministro"],"_links":{"self":[{"href":"https:\/\/teste.bsb.br\/zeca\/wp-json\/wp\/v2\/posts\/27523","targetHints":{"allow":["GET"]}}],"collection":[{"href":"https:\/\/teste.bsb.br\/zeca\/wp-json\/wp\/v2\/posts"}],"about":[{"href":"https:\/\/teste.bsb.br\/zeca\/wp-json\/wp\/v2\/types\/post"}],"author":[{"embeddable":true,"href":"https:\/\/teste.bsb.br\/zeca\/wp-json\/wp\/v2\/users\/1"}],"replies":[{"embeddable":true,"href":"https:\/\/teste.bsb.br\/zeca\/wp-json\/wp\/v2\/comments?post=27523"}],"version-history":[{"count":0,"href":"https:\/\/teste.bsb.br\/zeca\/wp-json\/wp\/v2\/posts\/27523\/revisions"}],"wp:featuredmedia":[{"embeddable":true,"href":"https:\/\/teste.bsb.br\/zeca\/wp-json\/wp\/v2\/media\/27522"}],"wp:attachment":[{"href":"https:\/\/teste.bsb.br\/zeca\/wp-json\/wp\/v2\/media?parent=27523"}],"wp:term":[{"taxonomy":"category","embeddable":true,"href":"https:\/\/teste.bsb.br\/zeca\/wp-json\/wp\/v2\/categories?post=27523"},{"taxonomy":"post_tag","embeddable":true,"href":"https:\/\/teste.bsb.br\/zeca\/wp-json\/wp\/v2\/tags?post=27523"}],"curies":[{"name":"wp","href":"https:\/\/api.w.org\/{rel}","templated":true}]}}