{"id":27513,"date":"2011-10-27T00:00:00","date_gmt":"2011-10-27T02:00:00","guid":{"rendered":"https:\/\/www.zecadirceu.com.br\/parabens-lula-o-presidente-mais-popular-da-historia\/"},"modified":"2011-10-27T00:00:00","modified_gmt":"2011-10-27T02:00:00","slug":"parabens-lula-o-presidente-mais-popular-da-historia","status":"publish","type":"post","link":"https:\/\/teste.bsb.br\/zeca\/parabens-lula-o-presidente-mais-popular-da-historia\/","title":{"rendered":"Parab\u00e9ns, Lula: O presidente mais popular da hist\u00f3ria!"},"content":{"rendered":"<p>Minhas sinceras homenagens a um dos maiores quadros pol&iacute;ticos que este pa&iacute;s j&aacute; teve: Luiz In&aacute;cio Lula da Silva. O ex-presidente completa hoje 66 anos. <br \/>\nDurante o seu governo, Lula tirou 24 milh&otilde;es de pessoas da pobreza extrema e chegou ao fim do mandato com nada menos que 83% de aprova&ccedil;&atilde;o popular. As pol&iacute;ticas p&uacute;blicas do governo Lula, voltadas sempre para um equil&iacute;brio social do pa&iacute;s, rendeu v&aacute;rias honrarias ao ex-presidente. Hoje, o seu trabalho em prol do desenvolvimento do Brasil &eacute; reconhecido por todo o mundo.<\/p>\n<p>Vejam discurso hist&oacute;rico de Lula, onde ele fala sobre preconceito e justi&ccedil;a social!<\/p>\n<p>\nV&iacute;deo: Do Blog da Benildes Rodrigues.<\/p>\n","protected":false},"excerpt":{"rendered":"<p>Minhas sinceras homenagens a um dos maiores quadros pol\u00edticos que este pa\u00eds j\u00e1 teve: Luiz In\u00e1cio Lula da Silva. O ex-presidente completa hoje 66 anos.<br \/>\nDurante o seu governo, Lula tirou 24 milh\u00f5es de pessoas da pobreza extrema e chegou ao fim do mandato com nada menos que 83% de aprova\u00e7\u00e3o popular.<\/p>\n","protected":false},"author":1,"featured_media":27512,"comment_status":"open","ping_status":"open","sticky":false,"template":"","format":"standard","meta":{"footnotes":""},"categories":[1],"tags":[143,170],"class_list":["post-27513","post","type-post","status-publish","format-standard","has-post-thumbnail","hentry","category-noticias-zeca-dirceu","tag-aniversario","tag-lula"],"_links":{"self":[{"href":"https:\/\/teste.bsb.br\/zeca\/wp-json\/wp\/v2\/posts\/27513","targetHints":{"allow":["GET"]}}],"collection":[{"href":"https:\/\/teste.bsb.br\/zeca\/wp-json\/wp\/v2\/posts"}],"about":[{"href":"https:\/\/teste.bsb.br\/zeca\/wp-json\/wp\/v2\/types\/post"}],"author":[{"embeddable":true,"href":"https:\/\/teste.bsb.br\/zeca\/wp-json\/wp\/v2\/users\/1"}],"replies":[{"embeddable":true,"href":"https:\/\/teste.bsb.br\/zeca\/wp-json\/wp\/v2\/comments?post=27513"}],"version-history":[{"count":0,"href":"https:\/\/teste.bsb.br\/zeca\/wp-json\/wp\/v2\/posts\/27513\/revisions"}],"wp:featuredmedia":[{"embeddable":true,"href":"https:\/\/teste.bsb.br\/zeca\/wp-json\/wp\/v2\/media\/27512"}],"wp:attachment":[{"href":"https:\/\/teste.bsb.br\/zeca\/wp-json\/wp\/v2\/media?parent=27513"}],"wp:term":[{"taxonomy":"category","embeddable":true,"href":"https:\/\/teste.bsb.br\/zeca\/wp-json\/wp\/v2\/categories?post=27513"},{"taxonomy":"post_tag","embeddable":true,"href":"https:\/\/teste.bsb.br\/zeca\/wp-json\/wp\/v2\/tags?post=27513"}],"curies":[{"name":"wp","href":"https:\/\/api.w.org\/{rel}","templated":true}]}}