{"id":27499,"date":"2011-10-28T00:00:00","date_gmt":"2011-10-28T02:00:00","guid":{"rendered":"https:\/\/www.zecadirceu.com.br\/zeca-participa-da-abertura-do-encontro-mundial-de-blogueiros-2\/"},"modified":"2011-10-28T00:00:00","modified_gmt":"2011-10-28T02:00:00","slug":"zeca-participa-da-abertura-do-encontro-mundial-de-blogueiros-2","status":"publish","type":"post","link":"https:\/\/teste.bsb.br\/zeca\/zeca-participa-da-abertura-do-encontro-mundial-de-blogueiros-2\/","title":{"rendered":"Zeca participa da abertura do Encontro Mundial de Blogueiros"},"content":{"rendered":"<p>&nbsp;O evento foi oficialmente aberto ontem, 27, no mirante central da Itaipu Binacional, em Foz do Igua&ccedil;u. Aproximadamente, 500 pessoas participaram da abertura oficial do I Encontro Mundial de Blogueiros. Estudantes, blogueiros, jornalistas, pol&iacute;ticos e profissionais liberais de v&aacute;rios estados brasileiros e v&aacute;rias nacionalidades do mundo participam do evento.<\/p>\n<p class=\"MsoNormal\">Abriu o evento o presidente do Centro de Estudos de M&iacute;dias Alternativas Bar&atilde;o de Itarar&eacute;, Altamiro Borges. Ele ressaltou a import&acirc;ncia do evento para definir propostas que unifiquem todas as bandeiras e que elas sejam decisivas para os novos rumos da comunica&ccedil;&atilde;o no pa&iacute;s. &ldquo;N&oacute;s temos que sair daqui com bandeiras que contemplem a todos os participantes. Temos que debater o plano de banda larga acess&iacute;vel e de qualidade, a neutralidade na rede, e outras propostas que contemplem este evento&rdquo;, afirmou Borges.<\/p>\n<p class=\"MsoNormal\">A empolga&ccedil;&atilde;o do p&uacute;blico estava estampada nos rostos e, tamb&eacute;m, na internet. O twitter n&atilde;o parou por nem um minuto, a cada novidade os internautas twittavam com a hashtag #blogmundofoz. Para quem n&atilde;o p&ocirc;de estar presente, a abertura foi transmitida pela internet em tempo real, e pela primeira vez a ilumina&ccedil;&atilde;o noturna de Itaipu, tamb&eacute;m, foi transmitida ao vivo.<\/p>\n<p>&quot;As novas m&iacute;dias chega inovando o processo da comunica&ccedil;&atilde;o. Precisamos estar preparados, para entender que os autores da informa&ccedil;&atilde;o tamb&eacute;m mudaram. Os web autores j&aacute; est&atilde;o a&iacute;, eles s&atilde;o cada um de n&oacute;s que repercutimos e que damos a informa&ccedil;&atilde;o&quot; , ressaltou o deputado federal Zeca Dirceu.<br \/>\n&nbsp;&nbsp;<br \/>\nO ex-presidente da Rep&uacute;blica, Luiz In&aacute;cio Lula da Silva, acompanhou a abertura, em tempo real, pela internet e enviou uma sauda&ccedil;&atilde;o aos participantes, lembrando-os de seu anivers&aacute;rio, que retibuiram o carinho com um &ldquo;Parab&eacute;ns pra voc&ecirc;&rdquo; enviado online.<\/p>\n<p class=\"MsoNormal\">Participaram da abertura al&eacute;m do p&uacute;blico: o diretor da Altercon, Renato Rovai,,superintendente de comunica&ccedil;&atilde;o da Itaipu Binacional, Gilmar Piolla, o deputado federal Zeca Dirceu, o secret&aacute;rio nacional de comunica&ccedil;&atilde;o Andr&eacute; Vargas.<\/p>\n<p class=\"MsoNormal\">O evento segue at&eacute; o dia 29 de outubro, no Parque Tecnol&oacute;gico de Itaipu (PTI) e ser&aacute; transmitido, ao vivo, pelo endere&ccedil;o online www.blogmundofoz.com.br\/ao-vivo.<br \/>\n&nbsp;<br \/>\nCom assessoria<\/p>\n","protected":false},"excerpt":{"rendered":"<p>O evento foi oficialmente aberto ontem, 27, no mirante central da Itaipu Binacional, em Foz do Igua\u00e7u. Aproximadamente, 500 pessoas participaram da abertura oficial do I Encontro Mundial de Blogueiros. Estudantes, blogueiros, jornalistas, pol\u00edticos e profissionais liberais de v\u00e1rios estados brasileiros e v\u00e1rias nacionalidades do mundo participam do evento.<\/p>\n","protected":false},"author":1,"featured_media":27498,"comment_status":"open","ping_status":"open","sticky":false,"template":"","format":"standard","meta":{"footnotes":""},"categories":[1],"tags":[6440],"class_list":["post-27499","post","type-post","status-publish","format-standard","has-post-thumbnail","hentry","category-noticias-zeca-dirceu","tag-zeca-participa-da-abertura-do-encontro-mundial-de-blogueiros"],"_links":{"self":[{"href":"https:\/\/teste.bsb.br\/zeca\/wp-json\/wp\/v2\/posts\/27499","targetHints":{"allow":["GET"]}}],"collection":[{"href":"https:\/\/teste.bsb.br\/zeca\/wp-json\/wp\/v2\/posts"}],"about":[{"href":"https:\/\/teste.bsb.br\/zeca\/wp-json\/wp\/v2\/types\/post"}],"author":[{"embeddable":true,"href":"https:\/\/teste.bsb.br\/zeca\/wp-json\/wp\/v2\/users\/1"}],"replies":[{"embeddable":true,"href":"https:\/\/teste.bsb.br\/zeca\/wp-json\/wp\/v2\/comments?post=27499"}],"version-history":[{"count":0,"href":"https:\/\/teste.bsb.br\/zeca\/wp-json\/wp\/v2\/posts\/27499\/revisions"}],"wp:featuredmedia":[{"embeddable":true,"href":"https:\/\/teste.bsb.br\/zeca\/wp-json\/wp\/v2\/media\/27498"}],"wp:attachment":[{"href":"https:\/\/teste.bsb.br\/zeca\/wp-json\/wp\/v2\/media?parent=27499"}],"wp:term":[{"taxonomy":"category","embeddable":true,"href":"https:\/\/teste.bsb.br\/zeca\/wp-json\/wp\/v2\/categories?post=27499"},{"taxonomy":"post_tag","embeddable":true,"href":"https:\/\/teste.bsb.br\/zeca\/wp-json\/wp\/v2\/tags?post=27499"}],"curies":[{"name":"wp","href":"https:\/\/api.w.org\/{rel}","templated":true}]}}