{"id":27495,"date":"2011-10-28T00:00:00","date_gmt":"2011-10-28T02:00:00","guid":{"rendered":"https:\/\/www.zecadirceu.com.br\/formalizacao-de-empreendedores-individuais-no-brasil-supera-em-40-a-meta-prevista\/"},"modified":"2011-10-28T00:00:00","modified_gmt":"2011-10-28T02:00:00","slug":"formalizacao-de-empreendedores-individuais-no-brasil-supera-em-40-a-meta-prevista","status":"publish","type":"post","link":"https:\/\/teste.bsb.br\/zeca\/formalizacao-de-empreendedores-individuais-no-brasil-supera-em-40-a-meta-prevista\/","title":{"rendered":"Formaliza\u00e7\u00e3o de empreendedores individuais no Brasil supera em 40% a meta prevista"},"content":{"rendered":"<p>&nbsp;&nbsp;A meta de formalizar mais 500 mil novos Empreendedores Individuais (EI) at&eacute; o final deste ano j&aacute; foi superada em 200 mil. De acordo com a Receita Federal, ao todo, j&aacute; s&atilde;o 1.719.444 trabalhadores por conta pr&oacute;pria atuando na formalidade e contribuindo para incrementar a economia do Pa&iacute;s. S&atilde;o pipoqueiros, manicures, a&ccedil;ougueiros, chaveiros e bordadeiras que montaram o pr&oacute;prio neg&oacute;cio e que faturam at&eacute; R$ 36 mil por ano. Em 2012, esse n&uacute;mero deve aumentar ainda mais porque o limite foi ampliado para R$ 60 mil por ano.<\/p>\n<p class=\"MsoNormal\"><o:p><\/o:p><\/p>\n<p class=\"MsoNormal\">O secret&aacute;rio de Pol&iacute;ticas de Previd&ecirc;ncia Social, Leonardo Rolim, atribui esse incremento na formaliza&ccedil;&atilde;o &agrave; redu&ccedil;&atilde;o da al&iacute;quota de contribui&ccedil;&atilde;o para 5% do sal&aacute;rio m&iacute;nimo vigente (R$ 27,25). <o:p><\/o:p><\/p>\n<p class=\"MsoNormal\">O p&uacute;blico a ser beneficiado pela pol&iacute;tica p&uacute;blica &eacute; de cerca de 13 milh&otilde;es, sendo que sete milh&otilde;es t&ecirc;m capacidade contributiva, ou seja, renda superior ao sal&aacute;rio m&iacute;nimo. O dado &eacute; da Pesquisa Nacional por Amostra a Domic&iacute;lios do Instituto Brasileiro de Geografia e Estat&iacute;stica &#8211; IBGE (PNAD 2009), segundo a qual 27 milh&otilde;es de trabalhadores estavam na informalidade, em 2009. <o:p><\/o:p><\/p>\n<p class=\"MsoNormal\">Vantagens<o:p><\/o:p><\/p>\n<p class=\"MsoNormal\">Com o programa, o empreendedor de baixa renda tem um custo reduzido para se formalizar. Para comerciantes, o valor fixo por m&ecirc;s &eacute; de R$ 1, e de R$ 5 se a atividade for de servi&ccedil;os. No m&aacute;ximo R$ 33,25 por m&ecirc;s, fixo. Al&eacute;m de permitir ao Empreendedor saber quanto gastar&aacute; por m&ecirc;s, a formaliza&ccedil;&atilde;o possibilita obter cr&eacute;dito mais barato e apoio gerencial.<o:p><\/o:p><\/p>\n<p class=\"MsoNormal\">A cobertura previdenci&aacute;ria para o Empreendedor e sua fam&iacute;lia &eacute; feita com contribui&ccedil;&atilde;o mensal reduzida &#8211; 5% do sal&aacute;rio m&iacute;nimo, hoje R$ 27,25. Com ela, o empreendedor estar&aacute; protegido em casos de doen&ccedil;a, acidentes, al&eacute;m dos afastamentos para dar a luz no caso das mulheres e ap&oacute;s 15 anos a aposentadoria por idade. A fam&iacute;lia do empreendedor ter&aacute; direito &agrave; pens&atilde;o por morte e aux&iacute;lio-reclus&atilde;o.<o:p><\/o:p><\/p>\n<p class=\"MsoNormal\">Ele poder&aacute; tamb&eacute;m registrar at&eacute; um empregado, com baixo custo mensal: 3% do sal&aacute;rio m&iacute;nimo de contribui&ccedil;&atilde;o para Previd&ecirc;ncia e 8<o:p><\/o:p><\/p>\n<p class=\"MsoNormal\">% para o Fundo de Garantia por Tempo de Servi&ccedil;o (FGTS), valor total de R$ 59,95. O empregado contribui com outros 8% do seu sal&aacute;rio para a Previd&ecirc;ncia. Todo o processo de formaliza&ccedil;&atilde;o &eacute; gratuito, ou seja, n&atilde;o h&aacute; taxa do registro da empresa e concess&atilde;o de alvar&aacute; para funcionamento.<o:p><\/o:p><\/p>\n<p class=\"MsoNormal\">Inscri&ccedil;&atilde;o&nbsp; <o:p><\/o:p><\/p>\n<p class=\"MsoNormal\">O cadastro como empreendedor individual pode ser feito no Portal do Empreendedor. S&atilde;o quase 500 ocupa&ccedil;&otilde;es nas quais o trabalhador pode ser enquadrado como empreendedor individual.<o:p><\/o:p><\/p>\n<p class=\"MsoNormal\">Secom<\/p>\n","protected":false},"excerpt":{"rendered":"<p>A meta de formalizar mais 500 mil novos Empreendedores Individuais (EI) at\u00e9 o final deste ano j\u00e1 foi superada em 200 mil. De acordo com a Receita Federal, ao todo, j\u00e1 s\u00e3o 1.719.444 trabalhadores por conta pr\u00f3pria atuando na formalidade e contribuindo para incrementar a economia do Pa\u00eds. S\u00e3o pipoqueiros, manicures, a\u00e7ougueiros, chaveiros e bordadeiras que montaram o pr\u00f3prio neg\u00f3cio e que faturam at\u00e9 R$ 36 mil por ano. Em 2012, esse n\u00famero deve aumentar ainda mais porque o limite foi ampliado para R$ 60 mil por ano.<\/p>\n","protected":false},"author":1,"featured_media":27494,"comment_status":"open","ping_status":"open","sticky":false,"template":"","format":"standard","meta":{"footnotes":""},"categories":[1],"tags":[6439],"class_list":["post-27495","post","type-post","status-publish","format-standard","has-post-thumbnail","hentry","category-noticias-zeca-dirceu","tag-formalizacao-de-empreendedores-individuais-no-brasil-supera-em-40-a-meta-prevista-para-20"],"_links":{"self":[{"href":"https:\/\/teste.bsb.br\/zeca\/wp-json\/wp\/v2\/posts\/27495","targetHints":{"allow":["GET"]}}],"collection":[{"href":"https:\/\/teste.bsb.br\/zeca\/wp-json\/wp\/v2\/posts"}],"about":[{"href":"https:\/\/teste.bsb.br\/zeca\/wp-json\/wp\/v2\/types\/post"}],"author":[{"embeddable":true,"href":"https:\/\/teste.bsb.br\/zeca\/wp-json\/wp\/v2\/users\/1"}],"replies":[{"embeddable":true,"href":"https:\/\/teste.bsb.br\/zeca\/wp-json\/wp\/v2\/comments?post=27495"}],"version-history":[{"count":0,"href":"https:\/\/teste.bsb.br\/zeca\/wp-json\/wp\/v2\/posts\/27495\/revisions"}],"wp:featuredmedia":[{"embeddable":true,"href":"https:\/\/teste.bsb.br\/zeca\/wp-json\/wp\/v2\/media\/27494"}],"wp:attachment":[{"href":"https:\/\/teste.bsb.br\/zeca\/wp-json\/wp\/v2\/media?parent=27495"}],"wp:term":[{"taxonomy":"category","embeddable":true,"href":"https:\/\/teste.bsb.br\/zeca\/wp-json\/wp\/v2\/categories?post=27495"},{"taxonomy":"post_tag","embeddable":true,"href":"https:\/\/teste.bsb.br\/zeca\/wp-json\/wp\/v2\/tags?post=27495"}],"curies":[{"name":"wp","href":"https:\/\/api.w.org\/{rel}","templated":true}]}}