{"id":27491,"date":"2011-10-28T00:00:00","date_gmt":"2011-10-28T02:00:00","guid":{"rendered":"https:\/\/www.zecadirceu.com.br\/taxa-de-desemprego-em-setembro-e-a-menor-desde-2002\/"},"modified":"2011-10-28T00:00:00","modified_gmt":"2011-10-28T02:00:00","slug":"taxa-de-desemprego-em-setembro-e-a-menor-desde-2002","status":"publish","type":"post","link":"https:\/\/teste.bsb.br\/zeca\/taxa-de-desemprego-em-setembro-e-a-menor-desde-2002\/","title":{"rendered":"Taxa de desemprego em setembro \u00e9 a menor desde 2002"},"content":{"rendered":"<p>&nbsp;A taxa de desemprego em setembro deste ano foi de 6% para o conjunto das seis regi&otilde;es metropolitanas que integram a abrang&ecirc;ncia geogr&aacute;fica (Recife, Salvador, Belo Horizonte, Rio de Janeiro, S&atilde;o Paulo e Porto Alegre). Os dados s&atilde;o da Pesquisa Mensal de Emprego, divulgada pelo Instituto Brasileiro de Geografia e Estat&iacute;stica nesta quinta-feira (27). Essa &eacute; a menor taxa estimada para setembro, desde a reformula&ccedil;&atilde;o da pesquisa, em 2002.<\/p>\n<p class=\"MsoNormal\"><o:p><\/o:p><\/p>\n<p class=\"MsoNormal\">Em agosto deste ano, a taxa tamb&eacute;m foi de 6%. No mesmo per&iacute;odo de 2010, o &iacute;ndice foi estimado em 6,2%, o que indica estabilidade. O total de desempregados em setembro de 2011 &eacute; de 1,5 milh&atilde;o e a popula&ccedil;&atilde;o ocupada &eacute; estimada em 22,7 milh&otilde;es e n&atilde;o apresentou varia&ccedil;&atilde;o significativa frente a agosto. J&aacute; em compara&ccedil;&atilde;o com setembro do ano passado, h&aacute; um aumento de 1,7%. Isso representa um acr&eacute;scimo de 369 mil ocupados no intervalo de 12 meses. <o:p><\/o:p><\/p>\n<p class=\"MsoNormal\">No setor privado, os trabalhadores com carteira de trabalho assinada somam 11 milh&otilde;es em setembro, sem varia&ccedil;&otilde;es em compara&ccedil;&atilde;o com agosto. Em rela&ccedil;&atilde;o a setembro de 2010, a taxa apresentou eleva&ccedil;&atilde;o de 6,7%, o que significa um adicional de 691 mil postos de trabalho com carteira assinada no per&iacute;odo de um ano.<o:p><\/o:p><\/p>\n<p class=\"MsoNormal\">N&iacute;vel da ocupa&ccedil;&atilde;o &#8211; O n&iacute;vel da ocupa&ccedil;&atilde;o, que &eacute; a propor&ccedil;&atilde;o de pessoas ocupadas em rela&ccedil;&atilde;o &agrave;s pessoas em idade ativa, tamb&eacute;m apresenta estabilidade. A estimativa de 54% para o total das seis regi&otilde;es em setembro de 2011 ficou est&aacute;vel frente a agosto, e tamb&eacute;m em rela&ccedil;&atilde;o a setembro de 2010. <o:p><\/o:p><\/p>\n<p class=\"MsoNormal\">Pesquisa Mensal de Emprego <o:p><\/o:p><\/p>\n<p class=\"MsoNormal\">A PME &eacute; uma pesquisa feita mensalmente pelo IBGE nas regi&otilde;es metropolitanas de Recife, Salvador, Belo Horizonte, Rio de Janeiro, S&atilde;o Paulo e Porto Alegre. A pesquisa permite avaliar as flutua&ccedil;&otilde;es e a tend&ecirc;ncia, a m&eacute;dio e longo prazo, do mercado de trabalho. A PME come&ccedil;ou em 1980. Em 2001, passou por um amplo processo de revis&atilde;o metodol&oacute;gica.<o:p><\/o:p><\/p>\n","protected":false},"excerpt":{"rendered":"<p>A taxa de desemprego em setembro deste ano foi de 6% para o conjunto das seis regi\u00f5es metropolitanas que integram a abrang\u00eancia geogr\u00e1fica (Recife, Salvador, Belo Horizonte, Rio de Janeiro, S\u00e3o Paulo e Porto Alegre). Os dados s\u00e3o da Pesquisa Mensal de Emprego, divulgada pelo Instituto Brasileiro de Geografia e Estat\u00edstica nesta quinta-feira (27). Essa \u00e9 a menor taxa estimada para setembro, desde a reformula\u00e7\u00e3o da pesquisa, em 2002.<\/p>\n","protected":false},"author":1,"featured_media":27490,"comment_status":"open","ping_status":"open","sticky":false,"template":"","format":"standard","meta":{"footnotes":""},"categories":[1],"tags":[6437],"class_list":["post-27491","post","type-post","status-publish","format-standard","has-post-thumbnail","hentry","category-noticias-zeca-dirceu","tag-taxa-de-desemprego-em-setembro-e-a-menor-desde-2002"],"_links":{"self":[{"href":"https:\/\/teste.bsb.br\/zeca\/wp-json\/wp\/v2\/posts\/27491","targetHints":{"allow":["GET"]}}],"collection":[{"href":"https:\/\/teste.bsb.br\/zeca\/wp-json\/wp\/v2\/posts"}],"about":[{"href":"https:\/\/teste.bsb.br\/zeca\/wp-json\/wp\/v2\/types\/post"}],"author":[{"embeddable":true,"href":"https:\/\/teste.bsb.br\/zeca\/wp-json\/wp\/v2\/users\/1"}],"replies":[{"embeddable":true,"href":"https:\/\/teste.bsb.br\/zeca\/wp-json\/wp\/v2\/comments?post=27491"}],"version-history":[{"count":0,"href":"https:\/\/teste.bsb.br\/zeca\/wp-json\/wp\/v2\/posts\/27491\/revisions"}],"wp:featuredmedia":[{"embeddable":true,"href":"https:\/\/teste.bsb.br\/zeca\/wp-json\/wp\/v2\/media\/27490"}],"wp:attachment":[{"href":"https:\/\/teste.bsb.br\/zeca\/wp-json\/wp\/v2\/media?parent=27491"}],"wp:term":[{"taxonomy":"category","embeddable":true,"href":"https:\/\/teste.bsb.br\/zeca\/wp-json\/wp\/v2\/categories?post=27491"},{"taxonomy":"post_tag","embeddable":true,"href":"https:\/\/teste.bsb.br\/zeca\/wp-json\/wp\/v2\/tags?post=27491"}],"curies":[{"name":"wp","href":"https:\/\/api.w.org\/{rel}","templated":true}]}}