{"id":27487,"date":"2011-10-28T00:00:00","date_gmt":"2011-10-28T02:00:00","guid":{"rendered":"https:\/\/www.zecadirceu.com.br\/portal-ajuda-na-qualificacao-de-agentes-publicos\/"},"modified":"2011-10-28T00:00:00","modified_gmt":"2011-10-28T02:00:00","slug":"portal-ajuda-na-qualificacao-de-agentes-publicos","status":"publish","type":"post","link":"https:\/\/teste.bsb.br\/zeca\/portal-ajuda-na-qualificacao-de-agentes-publicos\/","title":{"rendered":"Portal ajuda na qualifica\u00e7\u00e3o de agentes p\u00fablicos"},"content":{"rendered":"<p>&nbsp;Um novo portal do Minist&eacute;rio das Cidades entrou no ar na &uacute;ltima ter&ccedil;a-feira (25). O Portal Capacidades&nbsp; vai ajudar na qualifica&ccedil;&atilde;o de agentes p&uacute;blicos e sociais para pol&iacute;ticas p&uacute;blicas urbanas integradas. Al&eacute;m disso, vai reunir informa&ccedil;&otilde;es sobre atividades de capacita&ccedil;&atilde;o, hospedar cursos &agrave; dist&acirc;ncia e de auto-instru&ccedil;&atilde;o, disponibilizar publica&ccedil;&otilde;es por meio de download e viabilizar a maior intera&ccedil;&atilde;o do minist&eacute;rio com a popula&ccedil;&atilde;o que busca capacitar-se.<\/p>\n<p class=\"MsoNormal\">As a&ccedil;&otilde;es t&ecirc;m como p&uacute;blico-alvo os t&eacute;cnicos, gestores e agentes sociais dos munic&iacute;pios, estados, Distrito Federal e institui&ccedil;&otilde;es da federa&ccedil;&atilde;o respons&aacute;veis pela elabora&ccedil;&atilde;o, implementa&ccedil;&atilde;o e avalia&ccedil;&atilde;o da pol&iacute;tica urbana. O portal possui biblioteca virtual, videoteca, bate-papos agendados com especialistas, blogs de projetos de capacita&ccedil;&atilde;o, f&oacute;runs tem&aacute;ticos, cadastramento de participantes e agenda integrada de atividades promovidas pelo minist&eacute;rio.<\/p>\n<p class=\"MsoNormal\">O espa&ccedil;o na internet faz parte do Programa Nacional de Capacita&ccedil;&atilde;o das Cidades, que atua desde 2003 na promo&ccedil;&atilde;o, coordena&ccedil;&atilde;o e apoio a programas de desenvolvimento institucional e de capacita&ccedil;&atilde;o t&eacute;cnica.<\/p>\n","protected":false},"excerpt":{"rendered":"<p>Um novo portal do Minist\u00e9rio das Cidades entrou no ar na \u00faltima ter\u00e7a-feira (25). O Portal Capacidades  vai ajudar na qualifica\u00e7\u00e3o de agentes p\u00fablicos e sociais para pol\u00edticas p\u00fablicas urbanas integradas. Al\u00e9m disso, vai reunir informa\u00e7\u00f5es sobre atividades de capacita\u00e7\u00e3o, hospedar cursos \u00e0 dist\u00e2ncia e de auto-instru\u00e7\u00e3o, disponibilizar publica\u00e7\u00f5es por meio de download e viabilizar a maior intera\u00e7\u00e3o do minist\u00e9rio com a popula\u00e7\u00e3o que busca capacitar-se.<\/p>\n","protected":false},"author":1,"featured_media":27486,"comment_status":"open","ping_status":"open","sticky":false,"template":"","format":"standard","meta":{"footnotes":""},"categories":[1],"tags":[6434],"class_list":["post-27487","post","type-post","status-publish","format-standard","has-post-thumbnail","hentry","category-noticias-zeca-dirceu","tag-portal-ajuda-na-qualificacao-de-agentes-publicos"],"_links":{"self":[{"href":"https:\/\/teste.bsb.br\/zeca\/wp-json\/wp\/v2\/posts\/27487","targetHints":{"allow":["GET"]}}],"collection":[{"href":"https:\/\/teste.bsb.br\/zeca\/wp-json\/wp\/v2\/posts"}],"about":[{"href":"https:\/\/teste.bsb.br\/zeca\/wp-json\/wp\/v2\/types\/post"}],"author":[{"embeddable":true,"href":"https:\/\/teste.bsb.br\/zeca\/wp-json\/wp\/v2\/users\/1"}],"replies":[{"embeddable":true,"href":"https:\/\/teste.bsb.br\/zeca\/wp-json\/wp\/v2\/comments?post=27487"}],"version-history":[{"count":0,"href":"https:\/\/teste.bsb.br\/zeca\/wp-json\/wp\/v2\/posts\/27487\/revisions"}],"wp:featuredmedia":[{"embeddable":true,"href":"https:\/\/teste.bsb.br\/zeca\/wp-json\/wp\/v2\/media\/27486"}],"wp:attachment":[{"href":"https:\/\/teste.bsb.br\/zeca\/wp-json\/wp\/v2\/media?parent=27487"}],"wp:term":[{"taxonomy":"category","embeddable":true,"href":"https:\/\/teste.bsb.br\/zeca\/wp-json\/wp\/v2\/categories?post=27487"},{"taxonomy":"post_tag","embeddable":true,"href":"https:\/\/teste.bsb.br\/zeca\/wp-json\/wp\/v2\/tags?post=27487"}],"curies":[{"name":"wp","href":"https:\/\/api.w.org\/{rel}","templated":true}]}}