{"id":27485,"date":"2011-10-28T00:00:00","date_gmt":"2011-10-28T02:00:00","guid":{"rendered":"https:\/\/www.zecadirceu.com.br\/seminario-avalia-o-bolsa-familia-para-ampliacao-de-programa-similar-no-paraguai\/"},"modified":"2011-10-28T00:00:00","modified_gmt":"2011-10-28T02:00:00","slug":"seminario-avalia-o-bolsa-familia-para-ampliacao-de-programa-similar-no-paraguai","status":"publish","type":"post","link":"https:\/\/teste.bsb.br\/zeca\/seminario-avalia-o-bolsa-familia-para-ampliacao-de-programa-similar-no-paraguai\/","title":{"rendered":"Semin\u00e1rio avalia o Bolsa Fam\u00edlia para amplia\u00e7\u00e3o de programa similar no Paraguai"},"content":{"rendered":"<p>&nbsp;<span class=\"Apple-style-span\" style=\"color: rgb(51, 51, 51); font-family: Arial, Helvetica, sans-serif; line-height: 16px; \">A experi&ecirc;ncia e as a&ccedil;&otilde;es do Bolsa Fam&iacute;lia que possam contribuir para a amplia&ccedil;&atilde;o de um programa similar do governo paraguaio, o Tekopor&acirc;, foram discutidas nesta semana.\/ no semin&aacute;rio internacional promovido pela Embaixada do Brasil no Paraguai e pelo Instituto Social del Mercosur (ISM).<\/span><\/p>\n<p style=\"margin-top: 3px; margin-right: 0px; margin-bottom: 10px; margin-left: 0px; padding-top: 0px; padding-right: 0px; padding-bottom: 0px; padding-left: 0px; line-height: 16px; color: rgb(51, 51, 51); font-family: Arial, Helvetica, sans-serif; \">No Paraguai, o programa beneficia atualmente, 93,8 mil fam&iacute;lias, que recebem entre 150 mil e 290 mil guaranis mensais, que correspondem a valores entre R$ 67 e R$ 129.<\/p>\n<p style=\"margin-top: 3px; margin-right: 0px; margin-bottom: 10px; margin-left: 0px; padding-top: 0px; padding-right: 0px; padding-bottom: 0px; padding-left: 0px; line-height: 16px; color: rgb(51, 51, 51); font-family: Arial, Helvetica, sans-serif; \">Vice-lider do PT, Zeca Dirceu (PT-PR), afirma que o programa brasileiro &eacute; refer&ecirc;ncia no mundo, pois distribui renda e oferece oportunidades. &ldquo;O programa, que tantas vezes foi objeto de distor&ccedil;&otilde;es e cr&iacute;ticas feitas pelos partidos de oposi&ccedil;&atilde;o, vai a cada ano ganhando n&atilde;o s&oacute; o reconhecimento do povo brasileiro como um programa que n&atilde;o &eacute; apenas assistencial, mas de transfer&ecirc;ncia de renda e de gera&ccedil;&atilde;o de emprego, de desenvolvimento daquelas regi&otilde;es mais distantes do Pa&iacute;s, como tamb&eacute;m vai ganhando a respeitabilidade pelo mundo afora e sendo adaptado em outros pa&iacute;ses, como &eacute; o caso do Paraguai&rdquo;, disse.<\/p>\n<p style=\"margin-top: 3px; margin-right: 0px; margin-bottom: 10px; margin-left: 0px; padding-top: 0px; padding-right: 0px; padding-bottom: 0px; padding-left: 0px; line-height: 16px; color: rgb(51, 51, 51); font-family: Arial, Helvetica, sans-serif; \">O deputado petista destacou os benef&iacute;cios que o programa do Paraguai vem trazendo para a popula&ccedil;&atilde;o de baixa renda. &ldquo;&Eacute; um programa muito parecido com o Bolsa Fam&iacute;lia, que n&atilde;o s&oacute; repassa um valor mensal, mas incentiva, determina e enquadra essas fam&iacute;lia numa s&eacute;rie de crit&eacute;rios que elas acabam tendo preven&ccedil;&atilde;o na &aacute;rea da sa&uacute;de, acesso &agrave; educa&ccedil;&atilde;o de forma mais ampla, a&ccedil;&otilde;es buscando a gera&ccedil;&atilde;o de emprego, a capacita&ccedil;&atilde;o e a qualifica&ccedil;&atilde;o profissional. &Eacute; claro que o programa ainda n&atilde;o &eacute; perfeito nem aqui no Brasil, claro que precisa ser adaptado, mas &eacute; indiscut&iacute;vel os benef&iacute;cios que trouxe o Bolsa Fam&iacute;lia para o Brasil&rdquo;, enfatizou o parlamentar.<br \/>\n<br style=\"margin-top: 0px; margin-right: 0px; margin-bottom: 0px; margin-left: 0px; padding-top: 0px; padding-right: 0px; padding-bottom: 0px; padding-left: 0px; \" \/><br \/>\n(Ana Feltrim &ndash; Portal do PT)<\/p>\n<div class=\"sc-player\" style=\"margin-top: 20px; margin-right: 0px; margin-bottom: 20px; margin-left: 0px; padding-top: 0px; padding-right: 0px; padding-bottom: 0px; padding-left: 0px; width: 508px; height: 150px; position: relative; font: normal normal normal 12px\/normal Arial, sans-serif; color: rgb(51, 51, 51); font-size: 1.6em; line-height: 1.6em; font-weight: bold; \">\n<div class=\"sc-info\" style=\"margin-top: 0px; margin-right: 0px; margin-bottom: 0px; margin-left: -40px; padding-top: 5px; padding-right: 5px; padding-bottom: 5px; padding-left: 5px; position: absolute; top: 10px; left: -5000px; width: 200px; height: 450px; z-index: 500; background-image: initial; background-attachment: initial; background-origin: initial; background-clip: initial; opacity: 0.9; \">\n<h3 style=\"margin-top: 0px; margin-right: 0px; margin-bottom: 0px; margin-left: 0px; padding-top: 0px; padding-right: 0px; padding-bottom: 0px; padding-left: 0px; font-size: 12px; \"><a href=\"http:\/\/soundcloud.com\/ptbrasil\/zeca-dirceu-semin-rio-avalia\" style=\"margin-top: 0px; margin-right: 0px; margin-bottom: 0px; margin-left: 0px; padding-top: 0px; padding-right: 0px; padding-bottom: 0px; padding-left: 0px; text-decoration: none; color: rgb(51, 51, 51); \">Zeca Dirceu &#8211; Semin&aacute;rio avalia&nbsp;<\/a><\/h3>\n<\/div>\n<\/div>\n","protected":false},"excerpt":{"rendered":"<p>A experi\u00eancia e as a\u00e7\u00f5es do Bolsa Fam\u00edlia que possam contribuir para a amplia\u00e7\u00e3o de um programa similar do governo paraguaio, o Tekopor\u00e2, foram discutidas nesta semana.\/ no semin\u00e1rio internacional promovido pela Embaixada do Brasil no Paraguai e pelo Instituto Social del Mercosur (ISM).<br \/>\nVice-lider do PT, Zeca Dirceu (PT-PR), afirma que o programa brasileiro \u00e9 refer\u00eancia no mundo, pois distribui renda e oferece oportunidades.<\/p>\n","protected":false},"author":1,"featured_media":27484,"comment_status":"open","ping_status":"open","sticky":false,"template":"","format":"standard","meta":{"footnotes":""},"categories":[1],"tags":[6433],"class_list":["post-27485","post","type-post","status-publish","format-standard","has-post-thumbnail","hentry","category-noticias-zeca-dirceu","tag-seminario-avalia-experiencia-do-bolsa-familia-para-ampliacao-de-programa-similar-no-paragu"],"_links":{"self":[{"href":"https:\/\/teste.bsb.br\/zeca\/wp-json\/wp\/v2\/posts\/27485","targetHints":{"allow":["GET"]}}],"collection":[{"href":"https:\/\/teste.bsb.br\/zeca\/wp-json\/wp\/v2\/posts"}],"about":[{"href":"https:\/\/teste.bsb.br\/zeca\/wp-json\/wp\/v2\/types\/post"}],"author":[{"embeddable":true,"href":"https:\/\/teste.bsb.br\/zeca\/wp-json\/wp\/v2\/users\/1"}],"replies":[{"embeddable":true,"href":"https:\/\/teste.bsb.br\/zeca\/wp-json\/wp\/v2\/comments?post=27485"}],"version-history":[{"count":0,"href":"https:\/\/teste.bsb.br\/zeca\/wp-json\/wp\/v2\/posts\/27485\/revisions"}],"wp:featuredmedia":[{"embeddable":true,"href":"https:\/\/teste.bsb.br\/zeca\/wp-json\/wp\/v2\/media\/27484"}],"wp:attachment":[{"href":"https:\/\/teste.bsb.br\/zeca\/wp-json\/wp\/v2\/media?parent=27485"}],"wp:term":[{"taxonomy":"category","embeddable":true,"href":"https:\/\/teste.bsb.br\/zeca\/wp-json\/wp\/v2\/categories?post=27485"},{"taxonomy":"post_tag","embeddable":true,"href":"https:\/\/teste.bsb.br\/zeca\/wp-json\/wp\/v2\/tags?post=27485"}],"curies":[{"name":"wp","href":"https:\/\/api.w.org\/{rel}","templated":true}]}}