{"id":27483,"date":"2011-10-28T00:00:00","date_gmt":"2011-10-28T02:00:00","guid":{"rendered":"https:\/\/www.zecadirceu.com.br\/governo-estuda-unificacao-de-acoes-voltadas-para-criancas-com-ate-3-anos\/"},"modified":"2011-10-28T00:00:00","modified_gmt":"2011-10-28T02:00:00","slug":"governo-estuda-unificacao-de-acoes-voltadas-para-criancas-com-ate-3-anos","status":"publish","type":"post","link":"https:\/\/teste.bsb.br\/zeca\/governo-estuda-unificacao-de-acoes-voltadas-para-criancas-com-ate-3-anos\/","title":{"rendered":"Governo estuda unifica\u00e7\u00e3o de a\u00e7\u00f5es voltadas para crian\u00e7as com at\u00e9 3 anos"},"content":{"rendered":"<p>&nbsp;O governo federal estuda a unifica&ccedil;&atilde;o de todas as a&ccedil;&otilde;es de sa&uacute;de, educa&ccedil;&atilde;o e assist&ecirc;ncia voltadas para as crian&ccedil;as com at&eacute; 3 anos. A ideia &eacute; facilitar o acesso dos pais aos programas governamentais, como vagas em creches e consultas m&eacute;dicas. Um protocolo vai relacionar todos os tipos de servi&ccedil;o aos quais as crian&ccedil;as t&ecirc;m direito.<\/p>\n<p class=\"MsoNormal\"><o:p><\/o:p><\/p>\n<p class=\"MsoNormal\">&ldquo;Queremos que esses programas conversem e &#91;queremos criar] a possibilidade de termos uma &uacute;nica porta de entrada &#91;aos programas] para facilitar a vida da m&atilde;e&rdquo;, disse Moreira Franco, ministro da Secretaria de Assuntos Estrat&eacute;gicos (SAE) da Presid&ecirc;ncia da Rep&uacute;blica, um dos idealizadores da proposta.<o:p><\/o:p><\/p>\n<p class=\"MsoNormal\">Segundo ele, estudos cient&iacute;ficos indicam que a aten&ccedil;&atilde;o nos primeiros anos aumenta as oportunidades do indiv&iacute;duo ter melhor condi&ccedil;&atilde;o de vida na fase adulta. O ministro lembra que &eacute; nesta fase que a crian&ccedil;a desenvolve, por exemplo, a capacidade cognitiva.&nbsp; <o:p><\/o:p><\/p>\n<p class=\"MsoNormal\"><o:p><\/o:p><\/p>\n<p class=\"MsoNormal\">&ldquo;&Eacute; uma perversidade uma crian&ccedil;a rica ter acesso a todas as possibilidades e uma crian&ccedil;a, que n&atilde;o teve cuidados, ficar de fora do mercado de trabalho ou numa posi&ccedil;&atilde;o subalterna&rdquo;, argumentou. No Brasil, cerca de 11 milh&otilde;es de crian&ccedil;as t&ecirc;m at&eacute; 3 anos.<o:p><\/o:p><\/p>\n<p class=\"MsoNormal\">Se a unifica&ccedil;&atilde;o entrar em pr&aacute;tica, a ades&atilde;o dos estados e munic&iacute;pios ser&aacute; volunt&aacute;ria, explicou o ministro.<o:p><\/o:p><\/p>\n<p class=\"MsoNormal\">A partir desta quarta-feira (26), especialistas e integrantes de &oacute;rg&atilde;os governamentais v&atilde;o avaliar a proposta durante o semin&aacute;rio Cidad&atilde;o do Futuro: Pol&iacute;ticas Para o Desenvolvimento na Primeira Inf&acirc;ncia, promovido pela SAE e a Secretaria Especial de Direitos Humanos. Entre os debatedores, est&aacute; o pesquisador norte-americano em pol&iacute;ticas sociais, James Heckman, vencedor do Pr&ecirc;mio Nobel de Economia no ano 2000. No evento, ser&atilde;o apresentados ainda os modelos adotados em algumas cidades brasileiras e no Chile.<o:p><\/o:p><\/p>\n<p class=\"MsoNormal\">Depois, o projeto passar&aacute; por uma revis&atilde;o de t&eacute;cnicos do governo e, ent&atilde;o, ser&aacute; apresentado &agrave; presidenta Dilma Rousseff.<o:p><\/o:p><\/p>\n<p class=\"MsoNormal\">Portal Brasil<\/p>\n","protected":false},"excerpt":{"rendered":"<p>O governo federal estuda a unifica\u00e7\u00e3o de todas as a\u00e7\u00f5es de sa\u00fade, educa\u00e7\u00e3o e assist\u00eancia voltadas para as crian\u00e7as com at\u00e9 3 anos. A ideia \u00e9 facilitar o acesso dos pais aos programas governamentais, como vagas em creches e consultas m\u00e9dicas. Um protocolo vai relacionar todos os tipos de servi\u00e7o aos quais as crian\u00e7as t\u00eam direito.<\/p>\n","protected":false},"author":1,"featured_media":27482,"comment_status":"open","ping_status":"open","sticky":false,"template":"","format":"standard","meta":{"footnotes":""},"categories":[1],"tags":[6432],"class_list":["post-27483","post","type-post","status-publish","format-standard","has-post-thumbnail","hentry","category-noticias-zeca-dirceu","tag-governo-estuda-unificacao-de-acoes-voltadas-para-criancas-com-ate-3-anos"],"_links":{"self":[{"href":"https:\/\/teste.bsb.br\/zeca\/wp-json\/wp\/v2\/posts\/27483","targetHints":{"allow":["GET"]}}],"collection":[{"href":"https:\/\/teste.bsb.br\/zeca\/wp-json\/wp\/v2\/posts"}],"about":[{"href":"https:\/\/teste.bsb.br\/zeca\/wp-json\/wp\/v2\/types\/post"}],"author":[{"embeddable":true,"href":"https:\/\/teste.bsb.br\/zeca\/wp-json\/wp\/v2\/users\/1"}],"replies":[{"embeddable":true,"href":"https:\/\/teste.bsb.br\/zeca\/wp-json\/wp\/v2\/comments?post=27483"}],"version-history":[{"count":0,"href":"https:\/\/teste.bsb.br\/zeca\/wp-json\/wp\/v2\/posts\/27483\/revisions"}],"wp:featuredmedia":[{"embeddable":true,"href":"https:\/\/teste.bsb.br\/zeca\/wp-json\/wp\/v2\/media\/27482"}],"wp:attachment":[{"href":"https:\/\/teste.bsb.br\/zeca\/wp-json\/wp\/v2\/media?parent=27483"}],"wp:term":[{"taxonomy":"category","embeddable":true,"href":"https:\/\/teste.bsb.br\/zeca\/wp-json\/wp\/v2\/categories?post=27483"},{"taxonomy":"post_tag","embeddable":true,"href":"https:\/\/teste.bsb.br\/zeca\/wp-json\/wp\/v2\/tags?post=27483"}],"curies":[{"name":"wp","href":"https:\/\/api.w.org\/{rel}","templated":true}]}}