{"id":27479,"date":"2011-10-30T00:00:00","date_gmt":"2011-10-30T02:00:00","guid":{"rendered":"https:\/\/www.zecadirceu.com.br\/deputado-zeca-anuncia-para-cianorte-a-academia-da-saude\/"},"modified":"2011-10-30T00:00:00","modified_gmt":"2011-10-30T02:00:00","slug":"deputado-zeca-anuncia-para-cianorte-a-academia-da-saude","status":"publish","type":"post","link":"https:\/\/teste.bsb.br\/zeca\/deputado-zeca-anuncia-para-cianorte-a-academia-da-saude\/","title":{"rendered":"Deputado Zeca anuncia para Cianorte a \u201cAcademia da Sa\u00fade\u201d"},"content":{"rendered":"<p>&nbsp;Na manh&atilde; da &uacute;ltima sexta-feira (21), o Deputado Federal Zeca Dirceu participou da entrega de uma ambul&acirc;ncia para a Secretaria da Sa&uacute;de do munic&iacute;pio, onde aproveitou para anunciar alguns projetos que ser&atilde;o colocados em pr&aacute;tica com o apoio do Governo Federal. Entre eles, est&aacute; a implanta&ccedil;&atilde;o do Programa Nacional &ldquo;Academia da Sa&uacute;de, um pedido feito recentemente ao executivo pela Presidente da C&acirc;mara, Vereadora Santina Buzo.<\/p>\n<p class=\"MsoNormal\"><o:p><\/o:p><\/p>\n<p class=\"MsoNormal\">O programa, lan&ccedil;ado pelo Minist&eacute;rio da Sa&uacute;de em Abril deste ano, marca a ocupa&ccedil;&atilde;o pela sa&uacute;de p&uacute;blica de um universo quase inteiramente dominado pelo com&eacute;rcio. Os principais benef&iacute;cios da atividade f&iacute;sica ficam encobertos diante do apelo cuidado est&eacute;tico com o corpo.<o:p><\/o:p><\/p>\n<p class=\"MsoNormal\">Para Santina, este programa Academia da Sa&uacute;de que j&aacute; &eacute; de muito sucesso em diversos munic&iacute;pios pelo pa&iacute;s, com certeza ir&aacute; reduzir n&iacute;veis de press&atilde;o, diminuir o uso de medicamentos e melhorar a qualidade de vida dos usu&aacute;rios.<o:p><\/o:p><\/p>\n<p class=\"MsoNormal\">&ldquo;Assim como foi com as ATIs (Academias da Terceira Idade), onde contei com o apoio do Prefeito Edno Guimar&atilde;es e de outros parceiros do munic&iacute;pio, espero que realmente a popula&ccedil;&atilde;o cianortense possa ser beneficiada tamb&eacute;m com mais este programa que n&atilde;o tenho d&uacute;vida de que ir&aacute; proporcionar mais qualidade de vida para a nossa popula&ccedil;&atilde;o. Fico muito feliz em ter o pedido atendido nesse an&uacute;ncio do nosso Deputado Zeca&rdquo;, disse Santina.<o:p><\/o:p><\/p>\n<p class=\"MsoNormal\">A Academia da Sa&uacute;de &eacute; tamb&eacute;m uma oportunidade de fortalecer o papel dos profissionais de Educa&ccedil;&atilde;o F&iacute;sica como parte da equipe do Sistema &Uacute;nico de Sa&uacute;de (SUS).<o:p><\/o:p><\/p>\n<p class=\"MsoNormal\">Outro pedido feito pela vereadora &eacute; a constru&ccedil;&atilde;o em Cianorte do &ldquo;Centro do Idoso&rdquo;, que ir&aacute; beneficiar muitas fam&iacute;lias que n&atilde;o t&ecirc;m com quem deixar os idosos e assim ficam limitados de trabalhar fora.<\/p>\n<p class=\"MsoNormal\">Fonte: CianorteNews<\/p>\n","protected":false},"excerpt":{"rendered":"<p>Na manh\u00e3 da \u00faltima sexta-feira (21), o Deputado Federal Zeca Dirceu participou da entrega de uma ambul\u00e2ncia para a Secretaria da Sa\u00fade do munic\u00edpio, onde aproveitou para anunciar alguns projetos que ser\u00e3o colocados em pr\u00e1tica com o apoio do Governo Federal. Entre eles, est\u00e1 a implanta\u00e7\u00e3o do Programa Nacional \u201cAcademia da Sa\u00fade, um pedido feito recentemente ao executivo pela Presidente da C\u00e2mara, Vereadora Santina Buzo.<\/p>\n","protected":false},"author":1,"featured_media":27478,"comment_status":"open","ping_status":"open","sticky":false,"template":"","format":"standard","meta":{"footnotes":""},"categories":[1],"tags":[6430],"class_list":["post-27479","post","type-post","status-publish","format-standard","has-post-thumbnail","hentry","category-noticias-zeca-dirceu","tag-deputado-zeca-anuncia-para-cianorte-a-academia-da-saude"],"_links":{"self":[{"href":"https:\/\/teste.bsb.br\/zeca\/wp-json\/wp\/v2\/posts\/27479","targetHints":{"allow":["GET"]}}],"collection":[{"href":"https:\/\/teste.bsb.br\/zeca\/wp-json\/wp\/v2\/posts"}],"about":[{"href":"https:\/\/teste.bsb.br\/zeca\/wp-json\/wp\/v2\/types\/post"}],"author":[{"embeddable":true,"href":"https:\/\/teste.bsb.br\/zeca\/wp-json\/wp\/v2\/users\/1"}],"replies":[{"embeddable":true,"href":"https:\/\/teste.bsb.br\/zeca\/wp-json\/wp\/v2\/comments?post=27479"}],"version-history":[{"count":0,"href":"https:\/\/teste.bsb.br\/zeca\/wp-json\/wp\/v2\/posts\/27479\/revisions"}],"wp:featuredmedia":[{"embeddable":true,"href":"https:\/\/teste.bsb.br\/zeca\/wp-json\/wp\/v2\/media\/27478"}],"wp:attachment":[{"href":"https:\/\/teste.bsb.br\/zeca\/wp-json\/wp\/v2\/media?parent=27479"}],"wp:term":[{"taxonomy":"category","embeddable":true,"href":"https:\/\/teste.bsb.br\/zeca\/wp-json\/wp\/v2\/categories?post=27479"},{"taxonomy":"post_tag","embeddable":true,"href":"https:\/\/teste.bsb.br\/zeca\/wp-json\/wp\/v2\/tags?post=27479"}],"curies":[{"name":"wp","href":"https:\/\/api.w.org\/{rel}","templated":true}]}}