{"id":27477,"date":"2011-10-30T00:00:00","date_gmt":"2011-10-30T02:00:00","guid":{"rendered":"https:\/\/www.zecadirceu.com.br\/saude-do-servidor-vira-caso-de-policia-no-parana\/"},"modified":"2011-10-30T00:00:00","modified_gmt":"2011-10-30T02:00:00","slug":"saude-do-servidor-vira-caso-de-policia-no-parana","status":"publish","type":"post","link":"https:\/\/teste.bsb.br\/zeca\/saude-do-servidor-vira-caso-de-policia-no-parana\/","title":{"rendered":"Sa\u00fade do servidor vira caso de pol\u00edcia no Paran\u00e1"},"content":{"rendered":"<p>&nbsp;<span class=\"Apple-style-span\" style=\"font-size: large; \">O SAS &ndash; Servi&ccedil;o de Assist&ecirc;ncia &agrave; Sa&uacute;de do servidor &ndash; passou, a partir da meia-noite do dia 27, para o Hospital da Pol&iacute;cia Militar &ndash; HPM. O conv&ecirc;nio, entretanto, vale apenas para os trabalhadores e dependentes de Curitiba e Regi&atilde;o. A decis&atilde;o foi anunciada dia 26, pelo superintendente do SAS, Jos&eacute; Fernando Macedo, em reuni&atilde;o com o F&oacute;rum das Entidades Sindicais &ndash; Fes.<br \/>\n<\/span><span class=\"Apple-style-span\" style=\"font-size: large; \"><br \/>\nO conv&ecirc;nio ocorreu segundo o governo, porque a licita&ccedil;&atilde;o realizada resultou deserta. Ainda de acordo com informa&ccedil;&atilde;o do governo, &ldquo;nos primeiros 30 dias do conv&ecirc;nio, o H PM vai cobrir os atendimentos de urg&ecirc;ncia e emerg&ecirc;ncia, enquanto a aten&ccedil;&atilde;o &agrave; gestante permanece na Maternidade Santa Br&iacute;gida.<br \/>\n<\/span><span class=\"Apple-style-span\" style=\"font-size: large; \"><br \/>\nDepois &eacute; que come&ccedil;am a ser realizados os atendimentos ambulatoriais, servi&ccedil;os de exames e consultas. O calend&aacute;rio do in&iacute;cio das consultas em especialidades m&eacute;dicas ser&aacute; divulgado nos pr&oacute;ximos dias.<br \/>\n<\/span><span class=\"Apple-style-span\" style=\"font-size: large; \"><br \/>\nPara atender os militares, o governo j&aacute; destina 700 mil mensais ao hospital. A partir de agora, ser&atilde;o mais 3,3 milh&otilde;es todo m&ecirc;s.<br \/>\n<\/span><\/p>\n<div>\n<div>\n<p style=\"font-size: 13px; text-align: justify; \"><font size=\"4\"><br \/>\nFonte: Blog lado B<br \/>\n<br type=\"_moz\" \/><br \/>\n<\/font><\/p>\n<\/div>\n<\/div>\n","protected":false},"excerpt":{"rendered":"<p>O SAS \u2013 Servi\u00e7o de Assist\u00eancia \u00e0 Sa\u00fade do servidor \u2013 passou, a partir da meia-noite do dia 27, para o Hospital da Pol\u00edcia Militar \u2013 HPM. O conv\u00eanio, entretanto, vale apenas para os trabalhadores e dependentes de Curitiba e Regi\u00e3o. A decis\u00e3o foi anunciada dia 26, pelo superintendente do SAS, Jos\u00e9 Fernando Macedo, em reuni\u00e3o com o F\u00f3rum das Entidades Sindicais \u2013 Fes.<\/p>\n","protected":false},"author":1,"featured_media":27476,"comment_status":"open","ping_status":"open","sticky":false,"template":"","format":"standard","meta":{"footnotes":""},"categories":[1],"tags":[6429],"class_list":["post-27477","post","type-post","status-publish","format-standard","has-post-thumbnail","hentry","category-noticias-zeca-dirceu","tag-saude-do-servidor-vira-caso-de-policia-no-parana"],"_links":{"self":[{"href":"https:\/\/teste.bsb.br\/zeca\/wp-json\/wp\/v2\/posts\/27477","targetHints":{"allow":["GET"]}}],"collection":[{"href":"https:\/\/teste.bsb.br\/zeca\/wp-json\/wp\/v2\/posts"}],"about":[{"href":"https:\/\/teste.bsb.br\/zeca\/wp-json\/wp\/v2\/types\/post"}],"author":[{"embeddable":true,"href":"https:\/\/teste.bsb.br\/zeca\/wp-json\/wp\/v2\/users\/1"}],"replies":[{"embeddable":true,"href":"https:\/\/teste.bsb.br\/zeca\/wp-json\/wp\/v2\/comments?post=27477"}],"version-history":[{"count":0,"href":"https:\/\/teste.bsb.br\/zeca\/wp-json\/wp\/v2\/posts\/27477\/revisions"}],"wp:featuredmedia":[{"embeddable":true,"href":"https:\/\/teste.bsb.br\/zeca\/wp-json\/wp\/v2\/media\/27476"}],"wp:attachment":[{"href":"https:\/\/teste.bsb.br\/zeca\/wp-json\/wp\/v2\/media?parent=27477"}],"wp:term":[{"taxonomy":"category","embeddable":true,"href":"https:\/\/teste.bsb.br\/zeca\/wp-json\/wp\/v2\/categories?post=27477"},{"taxonomy":"post_tag","embeddable":true,"href":"https:\/\/teste.bsb.br\/zeca\/wp-json\/wp\/v2\/tags?post=27477"}],"curies":[{"name":"wp","href":"https:\/\/api.w.org\/{rel}","templated":true}]}}