{"id":27475,"date":"2011-10-30T00:00:00","date_gmt":"2011-10-30T02:00:00","guid":{"rendered":"https:\/\/www.zecadirceu.com.br\/lula-repousa-antes-do-inicio-da-quimioterapia\/"},"modified":"2011-10-30T00:00:00","modified_gmt":"2011-10-30T02:00:00","slug":"lula-repousa-antes-do-inicio-da-quimioterapia","status":"publish","type":"post","link":"https:\/\/teste.bsb.br\/zeca\/lula-repousa-antes-do-inicio-da-quimioterapia\/","title":{"rendered":"Lula repousa antes do in\u00edcio da quimioterapia"},"content":{"rendered":"<p>&nbsp;&nbsp;<span class=\"Apple-style-span\" style=\"color: rgb(51, 51, 51); font-family: Arial; font-size: 14px; line-height: 21px; \">O ex-presidente da Rep&uacute;blica Luiz In&aacute;cio Lula da Silva passou a manh&atilde; deste domingo (30) de repouso em seu apartamento em S&atilde;o Bernardo (SP), antes de iniciar, nesta segunda, o tratamento com quimioterapia para combater o c&acirc;ncer na laringe diagnosticado no s&aacute;bado no hospital S&iacute;rio-Liban&ecirc;s, em S&atilde;o Paulo.<\/span><\/p>\n<p style=\"margin-top: 0px; margin-right: 0px; margin-bottom: 13px; margin-left: 0px; padding-top: 0px; padding-right: 0px; padding-bottom: 0px; padding-left: 0px; font-family: Arial; color: rgb(51, 51, 51); font-size: 14px; line-height: 21px; text-align: left; \">At&eacute; as 11h40, a movimenta&ccedil;&atilde;o em frente ao pr&eacute;dio onde ele mora era somente de um grupo de jornalistas. De acordo com a assessoria do ex-presidente, a recomenda&ccedil;&atilde;o &eacute; que, neste domingo, ele descanse e n&atilde;o receba visitas. &Agrave; tarde, ele deve assistir pela televis&atilde;o ao jogo entre o Corinthians, do qual &eacute; torcedor, e o Ava&iacute;, pelo Campeonato Brasileiro. Segundo Paulo Okamoto, auxiliar de Lula, ele dever&aacute; cancelar a agenda de compromissos internacionais.<\/p>\n<p style=\"margin-top: 0px; margin-right: 0px; margin-bottom: 13px; margin-left: 0px; padding-top: 0px; padding-right: 0px; padding-bottom: 0px; padding-left: 0px; font-family: Arial; color: rgb(51, 51, 51); font-size: 14px; line-height: 21px; text-align: left; \">Lula passou o s&aacute;bado no hospital S&iacute;rio-Liban&ecirc;s, em S&atilde;o Paulo. Ele saiu por volta das 20h16, depois de ter sido submetido a um procedimento de retirada de um peda&ccedil;o do tumor, para exame.<\/p>\n<p style=\"margin-top: 0px; margin-right: 0px; margin-bottom: 13px; margin-left: 0px; padding-top: 0px; padding-right: 0px; padding-bottom: 0px; padding-left: 0px; font-family: Arial; color: rgb(51, 51, 51); font-size: 14px; line-height: 21px; text-align: left; \">Nesta segunda (31), os m&eacute;dicos v&atilde;o definir se Lula far&aacute; apenas quimioterapia ou se ser&aacute; submetido tamb&eacute;m &agrave; radioterapia. O tratamento do ex-presidente, segundo os m&eacute;dicos, deve durar pelo menos tr&ecirc;s meses. O c&acirc;ncer est&aacute; localizado sobre a glote.<\/p>\n<p style=\"margin-top: 0px; margin-right: 0px; margin-bottom: 13px; margin-left: 0px; padding-top: 0px; padding-right: 0px; padding-bottom: 0px; padding-left: 0px; font-family: Arial; color: rgb(51, 51, 51); font-size: 14px; line-height: 21px; text-align: left; \">O que levou Lula ao hospital foi uma rouquid&atilde;o anormal, que surgiu h&aacute; cerca de 40 dias. Ele passou por uma resson&acirc;ncia magn&eacute;tica e uma tomografia de pesco&ccedil;o, exames que acabaram por levar ao diagn&oacute;stico da doen&ccedil;a.<\/p>\n<p style=\"margin-top: 0px; margin-right: 0px; margin-bottom: 13px; margin-left: 0px; padding-top: 0px; padding-right: 0px; padding-bottom: 0px; padding-left: 0px; font-family: Arial; color: rgb(51, 51, 51); font-size: 14px; line-height: 21px; text-align: left; \"><strong>&lsquo;Confiante&rsquo;<\/strong><br \/>\nPessoas que estiveram com o ex-presidente neste s&aacute;bado disseram que Lula est&aacute; &ldquo;confiante&rdquo; na cura da doen&ccedil;a e bem disposto depois do exame.<\/p>\n<p style=\"margin-top: 0px; margin-right: 0px; margin-bottom: 13px; margin-left: 0px; padding-top: 0px; padding-right: 0px; padding-bottom: 0px; padding-left: 0px; font-family: Arial; color: rgb(51, 51, 51); font-size: 14px; line-height: 21px; text-align: left; \">O m&eacute;dico Raul Cutait, que n&atilde;o integra a equipe respons&aacute;vel pelo tratamento do ex-presidente, encontrou Lula, e a mulher, dona Marisa Let&iacute;cia, e afirmou que eles reagiram &quot;bem&quot; &agrave; not&iacute;cia sobre o tumor.<\/p>\n<p style=\"margin-top: 0px; margin-right: 0px; margin-bottom: 13px; margin-left: 0px; padding-top: 0px; padding-right: 0px; padding-bottom: 0px; padding-left: 0px; font-family: Arial; color: rgb(51, 51, 51); font-size: 14px; line-height: 21px; text-align: left; \">Lula recebeu tamb&eacute;m a visita do ministro da Fazenda, Guido Mantega, que ficou menos de dez minutos com o ex-presidente e disse ter sa&iacute;do do hospital otimista.<\/p>\n<p style=\"margin-top: 0px; margin-right: 0px; margin-bottom: 13px; margin-left: 0px; padding-top: 0px; padding-right: 0px; padding-bottom: 0px; padding-left: 0px; font-family: Arial; color: rgb(51, 51, 51); font-size: 14px; line-height: 21px; text-align: left; \">&quot;Ele est&aacute; bem, est&aacute; animado. Ele &eacute; um lutador. J&aacute; venceu problemas menores do que esse e vai vencer esse. Ele n&atilde;o pode falar, mas perguntou pela minha fam&iacute;lia, se eu estava bem. Ele sempre se preocupa com os outros. Est&aacute; todo mundo tranquilo. A dona Marisa est&aacute; tranquila, porque esse &eacute; um problema que tem cura&quot;, disse o ministro.<\/p>\n<div>Correio do Estado<\/div>\n","protected":false},"excerpt":{"rendered":"<p>O ex-presidente da Rep\u00fablica Luiz In\u00e1cio Lula da Silva passou a manh\u00e3 deste domingo (30) de repouso em seu apartamento em S\u00e3o Bernardo (SP), antes de iniciar, nesta segunda, o tratamento com quimioterapia para combater o c\u00e2ncer na laringe diagnosticado no s\u00e1bado no hospital S\u00edrio-Liban\u00eas, em S\u00e3o Paulo.<br \/>\nAt\u00e9 as 11h40, a movimenta\u00e7\u00e3o em frente ao pr\u00e9dio onde ele mora era somente de um grupo de jornalistas.<\/p>\n","protected":false},"author":1,"featured_media":27474,"comment_status":"open","ping_status":"open","sticky":false,"template":"","format":"standard","meta":{"footnotes":""},"categories":[1],"tags":[6428],"class_list":["post-27475","post","type-post","status-publish","format-standard","has-post-thumbnail","hentry","category-noticias-zeca-dirceu","tag-lula-repousa-antes-do-inicio-da-quimioterapia"],"_links":{"self":[{"href":"https:\/\/teste.bsb.br\/zeca\/wp-json\/wp\/v2\/posts\/27475","targetHints":{"allow":["GET"]}}],"collection":[{"href":"https:\/\/teste.bsb.br\/zeca\/wp-json\/wp\/v2\/posts"}],"about":[{"href":"https:\/\/teste.bsb.br\/zeca\/wp-json\/wp\/v2\/types\/post"}],"author":[{"embeddable":true,"href":"https:\/\/teste.bsb.br\/zeca\/wp-json\/wp\/v2\/users\/1"}],"replies":[{"embeddable":true,"href":"https:\/\/teste.bsb.br\/zeca\/wp-json\/wp\/v2\/comments?post=27475"}],"version-history":[{"count":0,"href":"https:\/\/teste.bsb.br\/zeca\/wp-json\/wp\/v2\/posts\/27475\/revisions"}],"wp:featuredmedia":[{"embeddable":true,"href":"https:\/\/teste.bsb.br\/zeca\/wp-json\/wp\/v2\/media\/27474"}],"wp:attachment":[{"href":"https:\/\/teste.bsb.br\/zeca\/wp-json\/wp\/v2\/media?parent=27475"}],"wp:term":[{"taxonomy":"category","embeddable":true,"href":"https:\/\/teste.bsb.br\/zeca\/wp-json\/wp\/v2\/categories?post=27475"},{"taxonomy":"post_tag","embeddable":true,"href":"https:\/\/teste.bsb.br\/zeca\/wp-json\/wp\/v2\/tags?post=27475"}],"curies":[{"name":"wp","href":"https:\/\/api.w.org\/{rel}","templated":true}]}}