{"id":27471,"date":"2011-10-30T00:00:00","date_gmt":"2011-10-30T02:00:00","guid":{"rendered":"https:\/\/www.zecadirceu.com.br\/blogueiros-de-23-paises-aprovam-carta-de-foz-do-iguacu-2\/"},"modified":"2011-10-30T00:00:00","modified_gmt":"2011-10-30T02:00:00","slug":"blogueiros-de-23-paises-aprovam-carta-de-foz-do-iguacu-2","status":"publish","type":"post","link":"https:\/\/teste.bsb.br\/zeca\/blogueiros-de-23-paises-aprovam-carta-de-foz-do-iguacu-2\/","title":{"rendered":"Blogueiros de 23 pa\u00edses aprovam Carta de Foz do Igua\u00e7u"},"content":{"rendered":"<p>&nbsp;<span class=\"Apple-style-span\" style=\"color: rgb(44, 44, 44); font-family: 'Trebuchet MS', sans-serif; font-size: 14px; line-height: 20px; \">O 1&ordm; Encontro Mundial de Blogueiros terminou s&aacute;bado (29) ap&oacute;s reunir, durante dois dias, 468 ativistas digitais, jornalistas, acad&ecirc;micos e estudantes de 23 pa&iacute;ses e 17 Estados brasileiros. O pr&oacute;ximo encontro j&aacute; foi marcado e acontecer&aacute; em novembro de 2012, tamb&eacute;m em Foz do Igua&ccedil;u.<\/span><\/p>\n<div style=\"padding-top: 0px; padding-right: 0px; padding-bottom: 0px; padding-left: 0px; margin-top: 0px; margin-right: 0px; margin-bottom: 0px; margin-left: 0px; color: rgb(44, 44, 44); font-family: 'Trebuchet MS', sans-serif; font-size: 14px; line-height: 20px; \">&nbsp;<\/div>\n<div style=\"padding-top: 0px; padding-right: 0px; padding-bottom: 0px; padding-left: 0px; margin-top: 0px; margin-right: 0px; margin-bottom: 0px; margin-left: 0px; color: rgb(44, 44, 44); font-family: 'Trebuchet MS', sans-serif; font-size: 14px; line-height: 20px; \">Na plen&aacute;ria final, foi aprovada a &quot;Carta de Foz do Igua&ccedil;u&quot;, documento que trata do papel da blogosfera na constru&ccedil;&atilde;o da democracia &#8211; o tema central do encontro. A carta defende a luta por liberdade de express&atilde;o, contra a censura ou persegui&ccedil;&atilde;o pol&iacute;tica dos poderes p&uacute;blicos e das corpora&ccedil;&otilde;es, por novos marcos regulat&oacute;rios da comunica&ccedil;&atilde;o, pelo acesso universal &agrave; banda larga e contra o cerceamento e censura na internet.<\/div>\n<div style=\"padding-top: 0px; padding-right: 0px; padding-bottom: 0px; padding-left: 0px; margin-top: 0px; margin-right: 0px; margin-bottom: 0px; margin-left: 0px; color: rgb(44, 44, 44); font-family: 'Trebuchet MS', sans-serif; font-size: 14px; line-height: 20px; \">&nbsp;<\/div>\n<div style=\"padding-top: 0px; padding-right: 0px; padding-bottom: 0px; padding-left: 0px; margin-top: 0px; margin-right: 0px; margin-bottom: 0px; margin-left: 0px; color: rgb(44, 44, 44); font-family: 'Trebuchet MS', sans-serif; font-size: 14px; line-height: 20px; \">&quot;Para um primeiro encontro organizado em apenas dois meses, n&atilde;o h&aacute; d&uacute;vida que tivemos &ecirc;xito&quot;, disse Altamiro Borges, do Instituto de Estudos da M&iacute;dia Alternativa Bar&atilde;o de Itarar&eacute;. &quot;A comunica&ccedil;&atilde;o s&oacute; vai avan&ccedil;ar quando o movimento social se apropriar dela, n&atilde;o ser&aacute; meia d&uacute;zia de blogueiros e tuiteiros que far&atilde;o a revolu&ccedil;&atilde;o&quot;, apontou. Participaram do encontro sindicalistas e ativistas de v&aacute;rios movimentos sociais, como o MST e a Via Campesina.<\/div>\n<div style=\"padding-top: 0px; padding-right: 0px; padding-bottom: 0px; padding-left: 0px; margin-top: 0px; margin-right: 0px; margin-bottom: 0px; margin-left: 0px; color: rgb(44, 44, 44); font-family: 'Trebuchet MS', sans-serif; font-size: 14px; line-height: 20px; \">&nbsp;<\/div>\n<div style=\"padding-top: 0px; padding-right: 0px; padding-bottom: 0px; padding-left: 0px; margin-top: 0px; margin-right: 0px; margin-bottom: 0px; margin-left: 0px; color: rgb(44, 44, 44); font-family: 'Trebuchet MS', sans-serif; font-size: 14px; line-height: 20px; \">Para Joaquim Palhares, da Associa&ccedil;&atilde;o Brasileira de Empresas e Empreendedores da Comunica&ccedil;&atilde;o (Altercom), a democratiza&ccedil;&atilde;o da comunica&ccedil;&atilde;o no pa&iacute;s passa pela articula&ccedil;&atilde;o da imprensa alternativa, o que foi possibilitado pelo encontro dos blogueiros e &eacute; tarefa da pr&oacute;pria Altercom. &quot;Um de nossos objetivos precisa ser a democratiza&ccedil;&atilde;o das verbas de publicidade do Estado, que s&atilde;o alvo das organiza&ccedil;&otilde;es representativas da grande imprensa, como a ANJ (Associa&ccedil;&atilde;o Nacional de Jornais)&quot;, afirmou Palhares, que tamb&eacute;m &eacute; diretor da Carta Maior.<\/div>\n<div style=\"padding-top: 0px; padding-right: 0px; padding-bottom: 0px; padding-left: 0px; margin-top: 0px; margin-right: 0px; margin-bottom: 0px; margin-left: 0px; color: rgb(44, 44, 44); font-family: 'Trebuchet MS', sans-serif; font-size: 14px; line-height: 20px; \">&nbsp;<\/div>\n<div style=\"padding-top: 0px; padding-right: 0px; padding-bottom: 0px; padding-left: 0px; margin-top: 0px; margin-right: 0px; margin-bottom: 0px; margin-left: 0px; color: rgb(44, 44, 44); font-family: 'Trebuchet MS', sans-serif; font-size: 14px; line-height: 20px; \">Leia, a seguir, a &iacute;ntegra da &quot;Carta de Foz do Igua&ccedil;u&quot;:<\/div>\n<div style=\"padding-top: 0px; padding-right: 0px; padding-bottom: 0px; padding-left: 0px; margin-top: 0px; margin-right: 0px; margin-bottom: 0px; margin-left: 0px; color: rgb(44, 44, 44); font-family: 'Trebuchet MS', sans-serif; font-size: 14px; line-height: 20px; \">&nbsp;<\/div>\n<div style=\"padding-top: 0px; padding-right: 0px; padding-bottom: 0px; padding-left: 0px; margin-top: 0px; margin-right: 0px; margin-bottom: 0px; margin-left: 0px; color: rgb(44, 44, 44); font-family: 'Trebuchet MS', sans-serif; font-size: 14px; line-height: 20px; \">O 1&ordm; Encontro Mundial de Blogueiros, realizado em Foz do Igua&ccedil;u (Paran&aacute;, Brasil), nos dias 27, 28 e 29 de outubro, confirmou a for&ccedil;a crescente das chamadas novas m&iacute;dias, com seus s&iacute;tios, blogs e redes sociais. Com a presen&ccedil;a de 468 ativistas digitais, jornalistas, acad&ecirc;micos e estudantes, de 23 pa&iacute;ses e 17 estados brasileiros, o evento serviu como uma rica troca de experi&ecirc;ncias e evidenciou que as novas m&iacute;dias podem ser um instrumento essencial para o fortalecimento e aperfei&ccedil;oamento da democracia.<br \/>\n&nbsp;<\/div>\n<div style=\"padding-top: 0px; padding-right: 0px; padding-bottom: 0px; padding-left: 0px; margin-top: 0px; margin-right: 0px; margin-bottom: 0px; margin-left: 0px; color: rgb(44, 44, 44); font-family: 'Trebuchet MS', sans-serif; font-size: 14px; line-height: 20px; \">Como principais consensos do encontro &ndash; que buscou pontos de unidade, mas preservando e valorizando a diversidade &ndash;, os participantes reafirmaram como prioridades:<\/div>\n<div style=\"padding-top: 0px; padding-right: 0px; padding-bottom: 0px; padding-left: 0px; margin-top: 0px; margin-right: 0px; margin-bottom: 0px; margin-left: 0px; color: rgb(44, 44, 44); font-family: 'Trebuchet MS', sans-serif; font-size: 14px; line-height: 20px; \">&nbsp;<\/div>\n<div style=\"padding-top: 0px; padding-right: 0px; padding-bottom: 0px; padding-left: 0px; margin-top: 0px; margin-right: 0px; margin-bottom: 0px; margin-left: 0px; color: rgb(44, 44, 44); font-family: 'Trebuchet MS', sans-serif; font-size: 14px; line-height: 20px; \">&#8211; A luta pela liberdade de express&atilde;o, que n&atilde;o se confunde com a liberdade propalada pelos monop&oacute;lios midi&aacute;ticos, que castram a pluralidade informativa. O direito humano &agrave; comunica&ccedil;&atilde;o &eacute; hoje uma quest&atilde;o estrat&eacute;gica;<\/div>\n<div style=\"padding-top: 0px; padding-right: 0px; padding-bottom: 0px; padding-left: 0px; margin-top: 0px; margin-right: 0px; margin-bottom: 0px; margin-left: 0px; color: rgb(44, 44, 44); font-family: 'Trebuchet MS', sans-serif; font-size: 14px; line-height: 20px; \">&nbsp;<\/div>\n<div style=\"padding-top: 0px; padding-right: 0px; padding-bottom: 0px; padding-left: 0px; margin-top: 0px; margin-right: 0px; margin-bottom: 0px; margin-left: 0px; color: rgb(44, 44, 44); font-family: 'Trebuchet MS', sans-serif; font-size: 14px; line-height: 20px; \">&#8211; A luta contra qualquer tipo de censura ou persegui&ccedil;&atilde;o pol&iacute;tica dos poderes p&uacute;blicos e das corpora&ccedil;&otilde;es do setor. Neste sentido, os participantes condenam o processo de judicializa&ccedil;&atilde;o da censura e se solidarizam com os atingidos. Na atualidade, o WikiLeaks &eacute; um caso exemplar da persegui&ccedil;&atilde;o imposta pelo governo dos EUA e pelas corpora&ccedil;&otilde;es financeiras e empresariais;<\/div>\n<div style=\"padding-top: 0px; padding-right: 0px; padding-bottom: 0px; padding-left: 0px; margin-top: 0px; margin-right: 0px; margin-bottom: 0px; margin-left: 0px; color: rgb(44, 44, 44); font-family: 'Trebuchet MS', sans-serif; font-size: 14px; line-height: 20px; \">&nbsp;<\/div>\n<div style=\"padding-top: 0px; padding-right: 0px; padding-bottom: 0px; padding-left: 0px; margin-top: 0px; margin-right: 0px; margin-bottom: 0px; margin-left: 0px; color: rgb(44, 44, 44); font-family: 'Trebuchet MS', sans-serif; font-size: 14px; line-height: 20px; \">&#8211; A luta por novos marcos regulat&oacute;rios da comunica&ccedil;&atilde;o, que incentivem os meios p&uacute;blicos e comunit&aacute;rios; impulsionem a diversidade e os ve&iacute;culos alternativos; co&iacute;bam os monop&oacute;lios, a propriedade cruzada e o uso indevido de concess&otilde;es p&uacute;blicas; e garantam o acesso da sociedade &agrave; comunica&ccedil;&atilde;o democr&aacute;tica e plural. Com estes mesmos objetivos, os Estados nacionais devem ter o papel indutor com suas pol&iacute;ticas p&uacute;blicas.<\/div>\n<div style=\"padding-top: 0px; padding-right: 0px; padding-bottom: 0px; padding-left: 0px; margin-top: 0px; margin-right: 0px; margin-bottom: 0px; margin-left: 0px; color: rgb(44, 44, 44); font-family: 'Trebuchet MS', sans-serif; font-size: 14px; line-height: 20px; \">&nbsp;<\/div>\n<div style=\"padding-top: 0px; padding-right: 0px; padding-bottom: 0px; padding-left: 0px; margin-top: 0px; margin-right: 0px; margin-bottom: 0px; margin-left: 0px; color: rgb(44, 44, 44); font-family: 'Trebuchet MS', sans-serif; font-size: 14px; line-height: 20px; \">&#8211; A luta pelo acesso universal &agrave; banda larga de qualidade. A internet &eacute; estrat&eacute;gica para o desenvolvimento econ&ocirc;mico, para enfrentar os problemas sociais e para a democratiza&ccedil;&atilde;o da informa&ccedil;&atilde;o. O Estado deve garantir a universaliza&ccedil;&atilde;o deste direito. A internet n&atilde;o pode ficar ao sabor dos monop&oacute;lios privados.<\/div>\n<div style=\"padding-top: 0px; padding-right: 0px; padding-bottom: 0px; padding-left: 0px; margin-top: 0px; margin-right: 0px; margin-bottom: 0px; margin-left: 0px; color: rgb(44, 44, 44); font-family: 'Trebuchet MS', sans-serif; font-size: 14px; line-height: 20px; \">&nbsp;<\/div>\n<div style=\"padding-top: 0px; padding-right: 0px; padding-bottom: 0px; padding-left: 0px; margin-top: 0px; margin-right: 0px; margin-bottom: 0px; margin-left: 0px; color: rgb(44, 44, 44); font-family: 'Trebuchet MS', sans-serif; font-size: 14px; line-height: 20px; \">&#8211; A luta contra qualquer tentativa de cerceamento e censura na internet. Pela neutralidade na rede e pelo incentivo aos telecentros e outras mecanismos de inclus&atilde;o digital. Pelo desenvolvimento independente de tecnologias de informa&ccedil;&atilde;o e incentivo ao software livre. Contra qualquer restri&ccedil;&atilde;o no acesso &agrave; internet, como os impostos hoje pelos EUA no seu processo de bloqueio &agrave; Cuba.<\/div>\n<div style=\"padding-top: 0px; padding-right: 0px; padding-bottom: 0px; padding-left: 0px; margin-top: 0px; margin-right: 0px; margin-bottom: 0px; margin-left: 0px; color: rgb(44, 44, 44); font-family: 'Trebuchet MS', sans-serif; font-size: 14px; line-height: 20px; \">&nbsp;<\/div>\n<div style=\"padding-top: 0px; padding-right: 0px; padding-bottom: 0px; padding-left: 0px; margin-top: 0px; margin-right: 0px; margin-bottom: 0px; margin-left: 0px; color: rgb(44, 44, 44); font-family: 'Trebuchet MS', sans-serif; font-size: 14px; line-height: 20px; \">Com o objetivo de aprofundar estas reflex&otilde;es, refor&ccedil;ar o interc&acirc;mbio de experi&ecirc;ncias e fortalecer as novas m&iacute;dias sociais, os participantes tamb&eacute;m aprovaram a realiza&ccedil;&atilde;o do II Encontro Mundial de Blogueiros, em novembro de 2012, na cidade de Foz do Igua&ccedil;u. Para isso, foi constitu&iacute;da uma comiss&atilde;o internacional para enraizar ainda mais este movimento, preservando sua diversidade, e para organizar o pr&oacute;ximo encontro.&quot;<\/div>\n","protected":false},"excerpt":{"rendered":"<p>Carta Maior<\/p>\n<p>Documento defende luta por liberdade de express\u00e3o, contra qualquer tipo de censura ou persegui\u00e7\u00e3o pol\u00edtica dos poderes p\u00fablicos e das corpora\u00e7\u00f5es do setor, por novos marcos regulat\u00f3rios da comunica\u00e7\u00e3o, pelo acesso universal \u00e0 banda larga de qualidade e contra qualquer tentativa de cerceamento e censura na internet. Pr\u00f3ximo encontro j\u00e1 est\u00e1 marcado para novembro de 2012, tamb\u00e9m em Foz do Igua\u00e7u.<\/p>\n","protected":false},"author":1,"featured_media":27470,"comment_status":"open","ping_status":"open","sticky":false,"template":"","format":"standard","meta":{"footnotes":""},"categories":[1],"tags":[6426],"class_list":["post-27471","post","type-post","status-publish","format-standard","has-post-thumbnail","hentry","category-noticias-zeca-dirceu","tag-blogueiros-de-23-paises-aprovam-carta-de-foz-do-iguacu"],"_links":{"self":[{"href":"https:\/\/teste.bsb.br\/zeca\/wp-json\/wp\/v2\/posts\/27471","targetHints":{"allow":["GET"]}}],"collection":[{"href":"https:\/\/teste.bsb.br\/zeca\/wp-json\/wp\/v2\/posts"}],"about":[{"href":"https:\/\/teste.bsb.br\/zeca\/wp-json\/wp\/v2\/types\/post"}],"author":[{"embeddable":true,"href":"https:\/\/teste.bsb.br\/zeca\/wp-json\/wp\/v2\/users\/1"}],"replies":[{"embeddable":true,"href":"https:\/\/teste.bsb.br\/zeca\/wp-json\/wp\/v2\/comments?post=27471"}],"version-history":[{"count":0,"href":"https:\/\/teste.bsb.br\/zeca\/wp-json\/wp\/v2\/posts\/27471\/revisions"}],"wp:featuredmedia":[{"embeddable":true,"href":"https:\/\/teste.bsb.br\/zeca\/wp-json\/wp\/v2\/media\/27470"}],"wp:attachment":[{"href":"https:\/\/teste.bsb.br\/zeca\/wp-json\/wp\/v2\/media?parent=27471"}],"wp:term":[{"taxonomy":"category","embeddable":true,"href":"https:\/\/teste.bsb.br\/zeca\/wp-json\/wp\/v2\/categories?post=27471"},{"taxonomy":"post_tag","embeddable":true,"href":"https:\/\/teste.bsb.br\/zeca\/wp-json\/wp\/v2\/tags?post=27471"}],"curies":[{"name":"wp","href":"https:\/\/api.w.org\/{rel}","templated":true}]}}