{"id":27451,"date":"2011-10-31T00:00:00","date_gmt":"2011-10-31T02:00:00","guid":{"rendered":"https:\/\/www.zecadirceu.com.br\/costela-fogo-de-chao-beneficente-acontecera-domingo-em-cruzeiro-do-oeste\/"},"modified":"2011-10-31T00:00:00","modified_gmt":"2011-10-31T02:00:00","slug":"costela-fogo-de-chao-beneficente-acontecera-domingo-em-cruzeiro-do-oeste","status":"publish","type":"post","link":"https:\/\/teste.bsb.br\/zeca\/costela-fogo-de-chao-beneficente-acontecera-domingo-em-cruzeiro-do-oeste\/","title":{"rendered":"Costela Fogo de Ch\u00e3o beneficente acontecer\u00e1 domingo em Cruzeiro do Oeste"},"content":{"rendered":"<p>&nbsp;&nbsp;&nbsp; No pr&oacute;ximo domingo (06\/11) o Rotary Clube de Cruzeiro do Oeste promover&aacute; a 17&ordf; edi&ccedil;&atilde;o do evento beneficente onde o prato principal &eacute; a tradicional costela ao fogo de ch&atilde;o. O evento acontecer&aacute; na sede do clube Rotary no munic&iacute;pio e o p&uacute;blico esperado &eacute; de 450 pessoas, entre autoridades locais e cidad&atilde;os cruzeirodoestanos. <br \/>\n&nbsp;&nbsp;&nbsp; O lucro obtido com a venda de convites ser&aacute; revertido para projetos filantr&oacute;picos promovidos pelo Rotary, como por exemplo a Associa&ccedil;&atilde;o de Pais e Amigos dos Excepcionais (APAE) e a Casa Lar de S&atilde;o Francisco &ndash; entidade que abriga crian&ccedil;as e adolescentes carentes, entre outras. <br \/>\n&nbsp;&nbsp;&nbsp; Para o evento, s&atilde;o esperadas v&aacute;rias autoridades, entre elas o prefeito de Cruzeiro do Oeste, Valtinho Rocha e o deputado federal Zeca Dirceu (PT-PR). <\/p>\n","protected":false},"excerpt":{"rendered":"<p>No pr\u00f3ximo domingo (06\/11) o Rotary Clube de Cruzeiro do Oeste promover\u00e1 a 17\u00aa edi\u00e7\u00e3o do evento beneficente onde o prato principal \u00e9 a tradicional costela ao fogo de ch\u00e3o. O evento acontecer\u00e1 na sede do clube Rotary no munic\u00edpio e o p\u00fablico esperado \u00e9 de 450 pessoas, entre autoridades locais e cidad\u00e3os cruzeirodoestanos.<\/p>\n","protected":false},"author":1,"featured_media":27450,"comment_status":"open","ping_status":"open","sticky":false,"template":"","format":"standard","meta":{"footnotes":""},"categories":[1],"tags":[6420,227],"class_list":["post-27451","post","type-post","status-publish","format-standard","has-post-thumbnail","hentry","category-noticias-zeca-dirceu","tag-costela-fogo-de-chao","tag-cruzeiro-do-oeste"],"_links":{"self":[{"href":"https:\/\/teste.bsb.br\/zeca\/wp-json\/wp\/v2\/posts\/27451","targetHints":{"allow":["GET"]}}],"collection":[{"href":"https:\/\/teste.bsb.br\/zeca\/wp-json\/wp\/v2\/posts"}],"about":[{"href":"https:\/\/teste.bsb.br\/zeca\/wp-json\/wp\/v2\/types\/post"}],"author":[{"embeddable":true,"href":"https:\/\/teste.bsb.br\/zeca\/wp-json\/wp\/v2\/users\/1"}],"replies":[{"embeddable":true,"href":"https:\/\/teste.bsb.br\/zeca\/wp-json\/wp\/v2\/comments?post=27451"}],"version-history":[{"count":0,"href":"https:\/\/teste.bsb.br\/zeca\/wp-json\/wp\/v2\/posts\/27451\/revisions"}],"wp:featuredmedia":[{"embeddable":true,"href":"https:\/\/teste.bsb.br\/zeca\/wp-json\/wp\/v2\/media\/27450"}],"wp:attachment":[{"href":"https:\/\/teste.bsb.br\/zeca\/wp-json\/wp\/v2\/media?parent=27451"}],"wp:term":[{"taxonomy":"category","embeddable":true,"href":"https:\/\/teste.bsb.br\/zeca\/wp-json\/wp\/v2\/categories?post=27451"},{"taxonomy":"post_tag","embeddable":true,"href":"https:\/\/teste.bsb.br\/zeca\/wp-json\/wp\/v2\/tags?post=27451"}],"curies":[{"name":"wp","href":"https:\/\/api.w.org\/{rel}","templated":true}]}}