{"id":27447,"date":"2011-10-31T00:00:00","date_gmt":"2011-10-31T02:00:00","guid":{"rendered":"https:\/\/www.zecadirceu.com.br\/biopsia-revela-tumor-de-agressividade-media-em-lula\/"},"modified":"2011-10-31T00:00:00","modified_gmt":"2011-10-31T02:00:00","slug":"biopsia-revela-tumor-de-agressividade-media-em-lula","status":"publish","type":"post","link":"https:\/\/teste.bsb.br\/zeca\/biopsia-revela-tumor-de-agressividade-media-em-lula\/","title":{"rendered":"Bi\u00f3psia revela tumor de agressividade m\u00e9dia em Lula"},"content":{"rendered":"<p>&nbsp;<span class=\"Apple-style-span\" style=\"color: rgb(51, 51, 51); font-family: Arial, sans-serif; font-size: 14px; line-height: 21px; \">O tumor encontrado na laringe do ex-presidente Lula &eacute; de agressividade m&eacute;dia. Em entrevista coletiva realizada nesta segunda-feira (31), a junta m&eacute;dica que atende Lula no Hospital S&iacute;rio-Liban&ecirc;s, em S&atilde;o Paulo, disse que o tipo de c&acirc;ncer &eacute; o mais comum dos diagnosticados na garganta. Tamb&eacute;m foi revelado pelos m&eacute;dicos que ele est&aacute; em est&aacute;gio inicial.<br \/>\n<\/span><\/p>\n<p style=\"margin-top: 0px; margin-right: 0px; margin-bottom: 20px; margin-left: 0px; padding-top: 0px; padding-right: 0px; padding-bottom: 0px; padding-left: 0px; border-top-width: 0px; border-right-width: 0px; border-bottom-width: 0px; border-left-width: 0px; border-style: initial; border-color: initial; outline-width: 0px; outline-style: initial; outline-color: initial; font-size: 14px; vertical-align: baseline; background-image: initial; background-attachment: initial; background-origin: initial; background-clip: initial; background-color: transparent; color: rgb(51, 51, 51); font-family: Arial, sans-serif; line-height: 21px; text-align: left; \">\nDe acordo com o m&eacute;dico Luiz Paulo Kowalski, um dos que atende Lula, o tumor tem aproximadamente 3 cent&iacute;metros, est&aacute; em uma fase de desenvolvimento que os m&eacute;dicos chamam de T2 e ainda n&atilde;o atingiu as cordas vocais. Al&eacute;m dele, fazem parte da junta m&eacute;dica Roberto Kalil Filho, Paulo Hoff e Artur Katz.<\/p>\n<p style=\"margin-top: 0px; margin-right: 0px; margin-bottom: 20px; margin-left: 0px; padding-top: 0px; padding-right: 0px; padding-bottom: 0px; padding-left: 0px; border-top-width: 0px; border-right-width: 0px; border-bottom-width: 0px; border-left-width: 0px; border-style: initial; border-color: initial; outline-width: 0px; outline-style: initial; outline-color: initial; font-size: 14px; vertical-align: baseline; background-image: initial; background-attachment: initial; background-origin: initial; background-clip: initial; background-color: transparent; color: rgb(51, 51, 51); font-family: Arial, sans-serif; line-height: 21px; text-align: left; \">&ldquo;O tratamento pode deixar alguma altera&ccedil;&atilde;o de voz&rdquo;, afirmou Paulo Hoff, segundo a&nbsp;<em style=\"margin-top: 0px; margin-right: 0px; margin-bottom: 0px; margin-left: 0px; padding-top: 0px; padding-right: 0px; padding-bottom: 0px; padding-left: 0px; border-top-width: 0px; border-right-width: 0px; border-bottom-width: 0px; border-left-width: 0px; border-style: initial; border-color: initial; outline-width: 0px; outline-style: initial; outline-color: initial; vertical-align: baseline; background-image: initial; background-attachment: initial; background-origin: initial; background-clip: initial; background-color: transparent; \">Ag&ecirc;ncia Brasil<\/em>. &ldquo;Dando tudo certo, seria uma altera&ccedil;&atilde;o m&iacute;nima e n&atilde;o teria nenhum impacto para nosso paciente&rdquo;, disse. Os m&eacute;dicos adiantaram que Lula dever&aacute; ter acompanhamento de fonoaudi&oacute;logos durante o tratamento &agrave; base de quimioterapia.<\/p>\n<p style=\"margin-top: 0px; margin-right: 0px; margin-bottom: 20px; margin-left: 0px; padding-top: 0px; padding-right: 0px; padding-bottom: 0px; padding-left: 0px; border-top-width: 0px; border-right-width: 0px; border-bottom-width: 0px; border-left-width: 0px; border-style: initial; border-color: initial; outline-width: 0px; outline-style: initial; outline-color: initial; font-size: 14px; vertical-align: baseline; background-image: initial; background-attachment: initial; background-origin: initial; background-clip: initial; background-color: transparent; color: rgb(51, 51, 51); font-family: Arial, sans-serif; line-height: 21px; text-align: left; \">Hoff afirmou ainda que as sess&otilde;es de quimioterapia devem fazer com que o ex-presidente Lula perca temporariamente o cabelo e a barba. Kalil Filho, que &eacute; m&eacute;dico particular de Lula, disse que o ex-presidente j&aacute; foi informado dos efeitos colaterais das sess&otilde;es de quimioterapia e demonstrou tranquilidade. Na sexta-feira (28), Lula fez os primeiros exames. O&nbsp;<a href=\"http:\/\/congressoemfoco.uol.com.br\/noticias\/ex-presidente-lula-e-diagnosticado-com-tumor-na-laringe\/\" target=\"_blank\" style=\"margin-top: 0px; margin-right: 0px; margin-bottom: 0px; margin-left: 0px; padding-top: 0px; padding-right: 0px; padding-bottom: 0px; padding-left: 0px; border-top-width: 0px; border-right-width: 0px; border-bottom-width: 0px; border-left-width: 0px; border-style: initial; border-color: initial; outline-width: 0px; outline-style: initial; outline-color: initial; vertical-align: baseline; background-image: initial; background-attachment: initial; background-origin: initial; background-clip: initial; background-color: transparent; text-decoration: none; color: rgb(46, 49, 146); \">diagn&oacute;stico foi dado no s&aacute;bado (28)<\/a>.<\/p>\n<p style=\"margin-top: 0px; margin-right: 0px; margin-bottom: 20px; margin-left: 0px; padding-top: 0px; padding-right: 0px; padding-bottom: 0px; padding-left: 0px; border-top-width: 0px; border-right-width: 0px; border-bottom-width: 0px; border-left-width: 0px; border-style: initial; border-color: initial; outline-width: 0px; outline-style: initial; outline-color: initial; font-size: 14px; vertical-align: baseline; background-image: initial; background-attachment: initial; background-origin: initial; background-clip: initial; background-color: transparent; color: rgb(51, 51, 51); font-family: Arial, sans-serif; line-height: 21px; text-align: left; \"><a href=\"http:\/\/congressoemfoco.uol.com.br\/noticias\/em-nota-dilma-deseja-rapida-recuperacao-de-lula\/\" target=\"_blank\" style=\"margin-top: 0px; margin-right: 0px; margin-bottom: 0px; margin-left: 0px; padding-top: 0px; padding-right: 0px; padding-bottom: 0px; padding-left: 0px; border-top-width: 0px; border-right-width: 0px; border-bottom-width: 0px; border-left-width: 0px; border-style: initial; border-color: initial; outline-width: 0px; outline-style: initial; outline-color: initial; vertical-align: baseline; background-image: initial; background-attachment: initial; background-origin: initial; background-clip: initial; background-color: transparent; text-decoration: none; color: rgb(46, 49, 146); \">Em nota, Dilma deseja r&aacute;pida recupera&ccedil;&atilde;o de Lula<\/a><\/p>\n<p style=\"margin-top: 0px; margin-right: 0px; margin-bottom: 20px; margin-left: 0px; padding-top: 0px; padding-right: 0px; padding-bottom: 0px; padding-left: 0px; border-top-width: 0px; border-right-width: 0px; border-bottom-width: 0px; border-left-width: 0px; border-style: initial; border-color: initial; outline-width: 0px; outline-style: initial; outline-color: initial; font-size: 14px; vertical-align: baseline; background-image: initial; background-attachment: initial; background-origin: initial; background-clip: initial; background-color: transparent; color: rgb(51, 51, 51); font-family: Arial, sans-serif; line-height: 21px; text-align: left; \"><em style=\"margin-top: 0px; margin-right: 0px; margin-bottom: 0px; margin-left: 0px; padding-top: 0px; padding-right: 0px; padding-bottom: 0px; padding-left: 0px; border-top-width: 0px; border-right-width: 0px; border-bottom-width: 0px; border-left-width: 0px; border-style: initial; border-color: initial; outline-width: 0px; outline-style: initial; outline-color: initial; vertical-align: baseline; background-image: initial; background-attachment: initial; background-origin: initial; background-clip: initial; background-color: transparent; \">Com informa&ccedil;&otilde;es da Ag&ecirc;ncia Brasil &#8211; Congresso em Foco<\/em><\/p>\n","protected":false},"excerpt":{"rendered":"<p>O tumor encontrado na laringe do ex-presidente Lula \u00e9 de agressividade m\u00e9dia. Em entrevista coletiva realizada nesta segunda-feira (31), a junta m\u00e9dica que atende Lula no Hospital S\u00edrio-Liban\u00eas, em S\u00e3o Paulo, disse que o tipo de c\u00e2ncer \u00e9 o mais comum dos diagnosticados na garganta. Tamb\u00e9m foi revelado pelos m\u00e9dicos que ele est\u00e1 em est\u00e1gio inicial.<\/p>\n","protected":false},"author":1,"featured_media":27446,"comment_status":"open","ping_status":"open","sticky":false,"template":"","format":"standard","meta":{"footnotes":""},"categories":[1],"tags":[6418],"class_list":["post-27447","post","type-post","status-publish","format-standard","has-post-thumbnail","hentry","category-noticias-zeca-dirceu","tag-biopsia-revela-tumor-de-agressividade-media-em-lula"],"_links":{"self":[{"href":"https:\/\/teste.bsb.br\/zeca\/wp-json\/wp\/v2\/posts\/27447","targetHints":{"allow":["GET"]}}],"collection":[{"href":"https:\/\/teste.bsb.br\/zeca\/wp-json\/wp\/v2\/posts"}],"about":[{"href":"https:\/\/teste.bsb.br\/zeca\/wp-json\/wp\/v2\/types\/post"}],"author":[{"embeddable":true,"href":"https:\/\/teste.bsb.br\/zeca\/wp-json\/wp\/v2\/users\/1"}],"replies":[{"embeddable":true,"href":"https:\/\/teste.bsb.br\/zeca\/wp-json\/wp\/v2\/comments?post=27447"}],"version-history":[{"count":0,"href":"https:\/\/teste.bsb.br\/zeca\/wp-json\/wp\/v2\/posts\/27447\/revisions"}],"wp:featuredmedia":[{"embeddable":true,"href":"https:\/\/teste.bsb.br\/zeca\/wp-json\/wp\/v2\/media\/27446"}],"wp:attachment":[{"href":"https:\/\/teste.bsb.br\/zeca\/wp-json\/wp\/v2\/media?parent=27447"}],"wp:term":[{"taxonomy":"category","embeddable":true,"href":"https:\/\/teste.bsb.br\/zeca\/wp-json\/wp\/v2\/categories?post=27447"},{"taxonomy":"post_tag","embeddable":true,"href":"https:\/\/teste.bsb.br\/zeca\/wp-json\/wp\/v2\/tags?post=27447"}],"curies":[{"name":"wp","href":"https:\/\/api.w.org\/{rel}","templated":true}]}}