{"id":27445,"date":"2011-10-31T00:00:00","date_gmt":"2011-10-31T02:00:00","guid":{"rendered":"https:\/\/www.zecadirceu.com.br\/governo-do-pr-lanca-campanha-de-vacinacao-contra-febre-aftosa\/"},"modified":"2011-10-31T00:00:00","modified_gmt":"2011-10-31T02:00:00","slug":"governo-do-pr-lanca-campanha-de-vacinacao-contra-febre-aftosa","status":"publish","type":"post","link":"https:\/\/teste.bsb.br\/zeca\/governo-do-pr-lanca-campanha-de-vacinacao-contra-febre-aftosa\/","title":{"rendered":"Governo do PR lan\u00e7a campanha de vacina\u00e7\u00e3o contra febre aftosa"},"content":{"rendered":"<p>&nbsp;O governador Beto Richa esteve em Umuarama na manh&atilde; desta segunda-feira, 31, para lan&ccedil;ar a campanha de vacina&ccedil;&atilde;o do gado contra a febre aftosa. Ao lado do secret&aacute;rio da Agricultura, Norberto Ortigara, do prefeito Moacir Silva &nbsp;e dos deputados estaduais Nelson Garcia e Fernando Scanavaca, Beto aplicou a vacina contra a doen&ccedil;a em alguns animais da ra&ccedil;a nelore, pertencentes &agrave; Fazenda Haiti.<\/p>\n<p class=\"MsoNormal\"><o:p><\/o:p><\/p>\n<p class=\"MsoNormal\">Segundo o governador, a meta &eacute; vacinar um total de 9,3 milh&otilde;es de cabe&ccedil;as de gado durante o m&ecirc;s de novembro, em todo o Estado do Paran&aacute;. A campanha de vacina&ccedil;&atilde;o visa, principalmente, evitar que o rebanho paranaense seja contaminado pelo foco de febre aftosa detectado h&aacute; cerca de dois meses no Paraguai.<o:p><\/o:p><\/p>\n<p class=\"MsoNormal\">&ldquo;Nosso objetivo &eacute; que, dentro de pouco tempo, alcancemos o status de rebanho livre da aftosa sem vacina&ccedil;&atilde;o, o que valoriza nossa carne e derivados e permite aos criadores obter melhor valor de mercado pelos produtos&rdquo;, afirmou Richa.<\/p>\n","protected":false},"excerpt":{"rendered":"<p>O governador Beto Richa esteve em Umuarama na manh\u00e3 desta segunda-feira, 31, para lan\u00e7ar a campanha de vacina\u00e7\u00e3o do gado contra a febre aftosa. Ao lado do secret\u00e1rio da Agricultura, Norberto Ortigara, do prefeito Moacir Silva  e dos deputados estaduais Nelson Garcia e Fernando Scanavaca, Beto aplicou a vacina contra a doen\u00e7a em alguns animais da ra\u00e7a nelore, pertencentes \u00e0 Fazenda Haiti.<\/p>\n","protected":false},"author":1,"featured_media":27444,"comment_status":"open","ping_status":"open","sticky":false,"template":"","format":"standard","meta":{"footnotes":""},"categories":[1],"tags":[6417],"class_list":["post-27445","post","type-post","status-publish","format-standard","has-post-thumbnail","hentry","category-noticias-zeca-dirceu","tag-governo-do-pr-lanca-campanha-de-vacinacao-contra-febre-aftosa"],"_links":{"self":[{"href":"https:\/\/teste.bsb.br\/zeca\/wp-json\/wp\/v2\/posts\/27445","targetHints":{"allow":["GET"]}}],"collection":[{"href":"https:\/\/teste.bsb.br\/zeca\/wp-json\/wp\/v2\/posts"}],"about":[{"href":"https:\/\/teste.bsb.br\/zeca\/wp-json\/wp\/v2\/types\/post"}],"author":[{"embeddable":true,"href":"https:\/\/teste.bsb.br\/zeca\/wp-json\/wp\/v2\/users\/1"}],"replies":[{"embeddable":true,"href":"https:\/\/teste.bsb.br\/zeca\/wp-json\/wp\/v2\/comments?post=27445"}],"version-history":[{"count":0,"href":"https:\/\/teste.bsb.br\/zeca\/wp-json\/wp\/v2\/posts\/27445\/revisions"}],"wp:featuredmedia":[{"embeddable":true,"href":"https:\/\/teste.bsb.br\/zeca\/wp-json\/wp\/v2\/media\/27444"}],"wp:attachment":[{"href":"https:\/\/teste.bsb.br\/zeca\/wp-json\/wp\/v2\/media?parent=27445"}],"wp:term":[{"taxonomy":"category","embeddable":true,"href":"https:\/\/teste.bsb.br\/zeca\/wp-json\/wp\/v2\/categories?post=27445"},{"taxonomy":"post_tag","embeddable":true,"href":"https:\/\/teste.bsb.br\/zeca\/wp-json\/wp\/v2\/tags?post=27445"}],"curies":[{"name":"wp","href":"https:\/\/api.w.org\/{rel}","templated":true}]}}