{"id":27441,"date":"2011-10-31T00:00:00","date_gmt":"2011-10-31T02:00:00","guid":{"rendered":"https:\/\/www.zecadirceu.com.br\/saude-de-umuarama-prestou-contas-do-3o-trimestre\/"},"modified":"2011-10-31T00:00:00","modified_gmt":"2011-10-31T02:00:00","slug":"saude-de-umuarama-prestou-contas-do-3o-trimestre","status":"publish","type":"post","link":"https:\/\/teste.bsb.br\/zeca\/saude-de-umuarama-prestou-contas-do-3o-trimestre\/","title":{"rendered":"Sa\u00fade de Umuarama prestou contas do 3\u00ba trimestre"},"content":{"rendered":"<p>&nbsp;A Secretaria Municipal de Sa&uacute;de da Prefeitura de Umuarama, atendendo a Lei Federal n&ordm; 8689 de 27\/07\/1993 &ndash; artigo 12, e a Emenda Constitucional n&ordm; 29, de 13\/09\/2000, realizou na &uacute;ltima quinta-feira, na C&acirc;mara de Vereadores, a audi&ecirc;ncia p&uacute;blica de presta&ccedil;&atilde;o de contas referente &agrave;s atividades da pasta durante o terceiro trimestre. O objetivo &eacute; assegurar toda a transpar&ecirc;ncia poss&iacute;vel na destina&ccedil;&atilde;o dos recursos p&uacute;blicos.<\/p>\n<p class=\"MsoNormal\"><o:p><\/o:p><\/p>\n<p class=\"MsoNormal\">Do total de receitas destinadas, no per&iacute;odo estimado de julho a setembro -, R$ 12,2 milh&otilde;es, R$ 8,7 milh&otilde;es foram recursos federais e estaduais. Os municipais perfizeram R$ 2,9 milh&otilde;es. As despesas com a aten&ccedil;&atilde;o b&aacute;sica foram pouco superiores a R$ 3 milh&otilde;es. A assist&ecirc;ncia farmac&ecirc;utica recebeu R$ 163 mil, a Vigil&acirc;ncia em Sa&uacute;de (Vigil&acirc;ncia Sanit&aacute;ria e programa DST\/Aids) R$ 336 mil e despesas com m&eacute;dia e alta complexidade (tratamento fora de domic&iacute;lio, atendimento hospitalar, atendimento ambulatorial, CAPS, Pames, Centro de Especialidades Odontol&oacute;gicas\/CEO, pronto atendimento e centro de especialidades) chegaram a R$ 8,3 milh&otilde;es.<\/p>\n<div style=\"mso-element:para-border-div;border:none;border-bottom:solid windowtext 1.5pt;\npadding:0cm 0cm 1.0pt 0cm\"><\/p>\n<p class=\"MsoNormal\" style=\"border:none;mso-border-bottom-alt:solid windowtext 1.5pt;\npadding:0cm;mso-padding-alt:0cm 0cm 1.0pt 0cm\">Fonte: Ilustrado<\/p>\n<\/div>\n","protected":false},"excerpt":{"rendered":"<p>A Secretaria Municipal de Sa\u00fade da Prefeitura de Umuarama, atendendo a Lei Federal n\u00ba 8689 de 27\/07\/1993 \u2013 artigo 12, e a Emenda Constitucional n\u00ba 29, de 13\/09\/2000, realizou na \u00faltima quinta-feira, na C\u00e2mara de Vereadores, a audi\u00eancia p\u00fablica de presta\u00e7\u00e3o de contas referente \u00e0s atividades da pasta durante o terceiro trimestre. O objetivo \u00e9 assegurar toda a transpar\u00eancia poss\u00edvel na destina\u00e7\u00e3o dos recursos p\u00fablicos.<\/p>\n","protected":false},"author":1,"featured_media":27440,"comment_status":"open","ping_status":"open","sticky":false,"template":"","format":"standard","meta":{"footnotes":""},"categories":[1],"tags":[6416],"class_list":["post-27441","post","type-post","status-publish","format-standard","has-post-thumbnail","hentry","category-noticias-zeca-dirceu","tag-saude-de-umuarama-prestou-contas-do-3o-trimestre"],"_links":{"self":[{"href":"https:\/\/teste.bsb.br\/zeca\/wp-json\/wp\/v2\/posts\/27441","targetHints":{"allow":["GET"]}}],"collection":[{"href":"https:\/\/teste.bsb.br\/zeca\/wp-json\/wp\/v2\/posts"}],"about":[{"href":"https:\/\/teste.bsb.br\/zeca\/wp-json\/wp\/v2\/types\/post"}],"author":[{"embeddable":true,"href":"https:\/\/teste.bsb.br\/zeca\/wp-json\/wp\/v2\/users\/1"}],"replies":[{"embeddable":true,"href":"https:\/\/teste.bsb.br\/zeca\/wp-json\/wp\/v2\/comments?post=27441"}],"version-history":[{"count":0,"href":"https:\/\/teste.bsb.br\/zeca\/wp-json\/wp\/v2\/posts\/27441\/revisions"}],"wp:featuredmedia":[{"embeddable":true,"href":"https:\/\/teste.bsb.br\/zeca\/wp-json\/wp\/v2\/media\/27440"}],"wp:attachment":[{"href":"https:\/\/teste.bsb.br\/zeca\/wp-json\/wp\/v2\/media?parent=27441"}],"wp:term":[{"taxonomy":"category","embeddable":true,"href":"https:\/\/teste.bsb.br\/zeca\/wp-json\/wp\/v2\/categories?post=27441"},{"taxonomy":"post_tag","embeddable":true,"href":"https:\/\/teste.bsb.br\/zeca\/wp-json\/wp\/v2\/tags?post=27441"}],"curies":[{"name":"wp","href":"https:\/\/api.w.org\/{rel}","templated":true}]}}