{"id":27433,"date":"2011-11-01T00:00:00","date_gmt":"2011-11-01T02:00:00","guid":{"rendered":"https:\/\/www.zecadirceu.com.br\/em-altonia-zeca-se-reune-com-avicultores\/"},"modified":"2011-11-01T00:00:00","modified_gmt":"2011-11-01T02:00:00","slug":"em-altonia-zeca-se-reune-com-avicultores","status":"publish","type":"post","link":"https:\/\/teste.bsb.br\/zeca\/em-altonia-zeca-se-reune-com-avicultores\/","title":{"rendered":"Em Alt\u00f4nia, Zeca se re\u00fane com avicultores"},"content":{"rendered":"<p>&nbsp;<span class=\"Apple-style-span\" style=\"font-family: verdana, sans-serif; font-size: 13px; \">Como parte do giro que faz todas as semanas nos munic&iacute;pios do Paran&aacute;, o deputado federal Zeca Dirceu esteve na &uacute;ltima segunda-feira, dia 24, na cidade de Alt&ocirc;nia. A convite da diretoria da Associa&ccedil;&atilde;o dos Avicultores de Alt&ocirc;nia e Regi&atilde;o (AVIAR), Zeca participou de um debate com cerca de 30 produtores de frango, que pediram a ajuda do parlamentar em diversos temas relacionados &agrave; atividade.<\/span><\/p>\n<div style=\"font-family: arial, sans-serif; font-size: 13px; \"><font face=\"verdana,sans-serif\"><br \/>\nUma das principais reclama&ccedil;&otilde;es dos avicultores diz respeito aos mecanismos de garantia adotados pelas institui&ccedil;&otilde;es financeiras na libera&ccedil;&atilde;o de cr&eacute;dito para investimentos dos pequenos produtores. Zeca Dirceu elogiou a estrutura da AVIAR e o trabalho desenvolvido pela entidade, e garantiu o apoio de seu mandato de deputado federal na defesa de mudan&ccedil;as e adapta&ccedil;&otilde;es nos crit&eacute;rios de garantia dos empr&eacute;stimos oferecidos aos pequenos produtores de frango.<\/p>\n<p>Ou&ccedil;a a mat&eacute;ria na &iacute;ntegra.<br type=\"_moz\" \/><br \/>\n<\/font><\/div>\n","protected":false},"excerpt":{"rendered":"<p>Como parte do giro que faz todas as semanas nos munic\u00edpios do Paran\u00e1, o deputado federal Zeca Dirceu esteve na \u00faltima segunda-feira, dia 24, na cidade de Alt\u00f4nia. A convite da diretoria da Associa\u00e7\u00e3o dos Avicultores de Alt\u00f4nia e Regi\u00e3o (AVIAR), Zeca participou de um debate com cerca de 30 produtores de frango, que pediram a ajuda do parlamentar em diversos temas relacionados \u00e0 atividade.<br \/>\nOu\u00e7a a mat\u00e9ria na \u00edntegra.<\/p>\n","protected":false},"author":1,"featured_media":27432,"comment_status":"open","ping_status":"open","sticky":false,"template":"","format":"standard","meta":{"footnotes":""},"categories":[1],"tags":[6412,6413],"class_list":["post-27433","post","type-post","status-publish","format-standard","has-post-thumbnail","hentry","category-noticias-zeca-dirceu","tag-em-altonia","tag-zeca-se-reune-com-avicultores"],"_links":{"self":[{"href":"https:\/\/teste.bsb.br\/zeca\/wp-json\/wp\/v2\/posts\/27433","targetHints":{"allow":["GET"]}}],"collection":[{"href":"https:\/\/teste.bsb.br\/zeca\/wp-json\/wp\/v2\/posts"}],"about":[{"href":"https:\/\/teste.bsb.br\/zeca\/wp-json\/wp\/v2\/types\/post"}],"author":[{"embeddable":true,"href":"https:\/\/teste.bsb.br\/zeca\/wp-json\/wp\/v2\/users\/1"}],"replies":[{"embeddable":true,"href":"https:\/\/teste.bsb.br\/zeca\/wp-json\/wp\/v2\/comments?post=27433"}],"version-history":[{"count":0,"href":"https:\/\/teste.bsb.br\/zeca\/wp-json\/wp\/v2\/posts\/27433\/revisions"}],"wp:featuredmedia":[{"embeddable":true,"href":"https:\/\/teste.bsb.br\/zeca\/wp-json\/wp\/v2\/media\/27432"}],"wp:attachment":[{"href":"https:\/\/teste.bsb.br\/zeca\/wp-json\/wp\/v2\/media?parent=27433"}],"wp:term":[{"taxonomy":"category","embeddable":true,"href":"https:\/\/teste.bsb.br\/zeca\/wp-json\/wp\/v2\/categories?post=27433"},{"taxonomy":"post_tag","embeddable":true,"href":"https:\/\/teste.bsb.br\/zeca\/wp-json\/wp\/v2\/tags?post=27433"}],"curies":[{"name":"wp","href":"https:\/\/api.w.org\/{rel}","templated":true}]}}