{"id":27431,"date":"2011-11-01T00:00:00","date_gmt":"2011-11-01T02:00:00","guid":{"rendered":"https:\/\/www.zecadirceu.com.br\/a-bancada-federal-do-pt-deseja-pronta-recuperacao-para-lula\/"},"modified":"2011-11-01T00:00:00","modified_gmt":"2011-11-01T02:00:00","slug":"a-bancada-federal-do-pt-deseja-pronta-recuperacao-para-lula","status":"publish","type":"post","link":"https:\/\/teste.bsb.br\/zeca\/a-bancada-federal-do-pt-deseja-pronta-recuperacao-para-lula\/","title":{"rendered":"A bancada federal do PT deseja pronta recupera\u00e7\u00e3o para Lula"},"content":{"rendered":"<p>&nbsp;<span class=\"Apple-style-span\" style=\"color: rgb(44, 44, 44); font-family: 'Trebuchet MS', sans-serif; font-size: 14px; line-height: 20px; \">A bancada do PT na C&acirc;mara dos Deputados recebeu com preocupa&ccedil;&atilde;o a not&iacute;cia de que uma equipe m&eacute;dica do Hospital S&iacute;rio-Liban&ecirc;s, de S&atilde;o Paulo, detectou um c&acirc;ncer na laringe do ex-presidente Luiz In&aacute;cio Lula da Silva.<\/span><\/p>\n<div style=\"padding-top: 0px; padding-right: 0px; padding-bottom: 0px; padding-left: 0px; margin-top: 0px; margin-right: 0px; margin-bottom: 0px; margin-left: 0px; color: rgb(44, 44, 44); font-family: 'Trebuchet MS', sans-serif; font-size: 14px; line-height: 20px; \">&nbsp;<\/div>\n<div style=\"padding-top: 0px; padding-right: 0px; padding-bottom: 0px; padding-left: 0px; margin-top: 0px; margin-right: 0px; margin-bottom: 0px; margin-left: 0px; color: rgb(44, 44, 44); font-family: 'Trebuchet MS', sans-serif; font-size: 14px; line-height: 20px; \">Expressamos nossa solidariedade ao ex-presidente Lula e &agrave; sua fam&iacute;lia, assim como anunciamos que nos sentimos confortados pelas informa&ccedil;&otilde;es divulgadas pela equipe m&eacute;dica, segundo as quais a doen&ccedil;a foi detectada precocemente e tem todas as chances de ser curada rapidamente.<\/div>\n<div style=\"padding-top: 0px; padding-right: 0px; padding-bottom: 0px; padding-left: 0px; margin-top: 0px; margin-right: 0px; margin-bottom: 0px; margin-left: 0px; color: rgb(44, 44, 44); font-family: 'Trebuchet MS', sans-serif; font-size: 14px; line-height: 20px; \">&nbsp;<\/div>\n<div style=\"padding-top: 0px; padding-right: 0px; padding-bottom: 0px; padding-left: 0px; margin-top: 0px; margin-right: 0px; margin-bottom: 0px; margin-left: 0px; color: rgb(44, 44, 44); font-family: 'Trebuchet MS', sans-serif; font-size: 14px; line-height: 20px; \">Manifestamos tamb&eacute;m nossa gratid&atilde;o pela onda de emo&ccedil;&atilde;o e solidariedade a Lula que percorre os cora&ccedil;&otilde;es e mentes do povo brasileiro. Essa grande corrente certamente ajudar&aacute; Lula a reunir for&ccedil;as para obter pronta recupera&ccedil;&atilde;o e reassumir suas tarefas cotidianas, essenciais para a constru&ccedil;&atilde;o de uma sociedade brasileira mais digna, mais justa e mais feliz.<\/div>\n<div style=\"padding-top: 0px; padding-right: 0px; padding-bottom: 0px; padding-left: 0px; margin-top: 0px; margin-right: 0px; margin-bottom: 0px; margin-left: 0px; color: rgb(44, 44, 44); font-family: 'Trebuchet MS', sans-serif; font-size: 14px; line-height: 20px; \">&nbsp;<\/div>\n<div style=\"padding-top: 0px; padding-right: 0px; padding-bottom: 0px; padding-left: 0px; margin-top: 0px; margin-right: 0px; margin-bottom: 0px; margin-left: 0px; color: rgb(44, 44, 44); font-family: 'Trebuchet MS', sans-serif; font-size: 14px; line-height: 20px; \">Bras&iacute;lia, 31 de outubro de 2011<\/div>\n<div style=\"padding-top: 0px; padding-right: 0px; padding-bottom: 0px; padding-left: 0px; margin-top: 0px; margin-right: 0px; margin-bottom: 0px; margin-left: 0px; color: rgb(44, 44, 44); font-family: 'Trebuchet MS', sans-serif; font-size: 14px; line-height: 20px; \">&nbsp;<\/div>\n<div style=\"padding-top: 0px; padding-right: 0px; padding-bottom: 0px; padding-left: 0px; margin-top: 0px; margin-right: 0px; margin-bottom: 0px; margin-left: 0px; color: rgb(44, 44, 44); font-family: 'Trebuchet MS', sans-serif; font-size: 14px; line-height: 20px; \">Deputado Paulo Teixeira<\/div>\n<div style=\"padding-top: 0px; padding-right: 0px; padding-bottom: 0px; padding-left: 0px; margin-top: 0px; margin-right: 0px; margin-bottom: 0px; margin-left: 0px; color: rgb(44, 44, 44); font-family: 'Trebuchet MS', sans-serif; font-size: 14px; line-height: 20px; \">&nbsp;<\/div>\n<div style=\"padding-top: 0px; padding-right: 0px; padding-bottom: 0px; padding-left: 0px; margin-top: 0px; margin-right: 0px; margin-bottom: 0px; margin-left: 0px; color: rgb(44, 44, 44); font-family: 'Trebuchet MS', sans-serif; font-size: 14px; line-height: 20px; \">L&iacute;der do PT<\/div>\n","protected":false},"excerpt":{"rendered":"<p>A bancada do PT na C\u00e2mara dos Deputados recebeu com preocupa\u00e7\u00e3o a not\u00edcia de que uma equipe m\u00e9dica do Hospital S\u00edrio-Liban\u00eas, de S\u00e3o Paulo, detectou um c\u00e2ncer na laringe do ex-presidente Luiz In\u00e1cio Lula da Silva.<\/p>\n","protected":false},"author":1,"featured_media":27430,"comment_status":"open","ping_status":"open","sticky":false,"template":"","format":"standard","meta":{"footnotes":""},"categories":[1],"tags":[6411],"class_list":["post-27431","post","type-post","status-publish","format-standard","has-post-thumbnail","hentry","category-noticias-zeca-dirceu","tag-a-bancada-federal-do-pt-deseja-pronta-recuperacao-para-lula"],"_links":{"self":[{"href":"https:\/\/teste.bsb.br\/zeca\/wp-json\/wp\/v2\/posts\/27431","targetHints":{"allow":["GET"]}}],"collection":[{"href":"https:\/\/teste.bsb.br\/zeca\/wp-json\/wp\/v2\/posts"}],"about":[{"href":"https:\/\/teste.bsb.br\/zeca\/wp-json\/wp\/v2\/types\/post"}],"author":[{"embeddable":true,"href":"https:\/\/teste.bsb.br\/zeca\/wp-json\/wp\/v2\/users\/1"}],"replies":[{"embeddable":true,"href":"https:\/\/teste.bsb.br\/zeca\/wp-json\/wp\/v2\/comments?post=27431"}],"version-history":[{"count":0,"href":"https:\/\/teste.bsb.br\/zeca\/wp-json\/wp\/v2\/posts\/27431\/revisions"}],"wp:featuredmedia":[{"embeddable":true,"href":"https:\/\/teste.bsb.br\/zeca\/wp-json\/wp\/v2\/media\/27430"}],"wp:attachment":[{"href":"https:\/\/teste.bsb.br\/zeca\/wp-json\/wp\/v2\/media?parent=27431"}],"wp:term":[{"taxonomy":"category","embeddable":true,"href":"https:\/\/teste.bsb.br\/zeca\/wp-json\/wp\/v2\/categories?post=27431"},{"taxonomy":"post_tag","embeddable":true,"href":"https:\/\/teste.bsb.br\/zeca\/wp-json\/wp\/v2\/tags?post=27431"}],"curies":[{"name":"wp","href":"https:\/\/api.w.org\/{rel}","templated":true}]}}