{"id":27429,"date":"2011-11-01T00:00:00","date_gmt":"2011-11-01T02:00:00","guid":{"rendered":"https:\/\/www.zecadirceu.com.br\/lemos-acompanha-entrega-de-pauta-de-reivindicacao-dos-sem-terrinha-ao-governo\/"},"modified":"2011-11-01T00:00:00","modified_gmt":"2011-11-01T02:00:00","slug":"lemos-acompanha-entrega-de-pauta-de-reivindicacao-dos-sem-terrinha-ao-governo","status":"publish","type":"post","link":"https:\/\/teste.bsb.br\/zeca\/lemos-acompanha-entrega-de-pauta-de-reivindicacao-dos-sem-terrinha-ao-governo\/","title":{"rendered":"Lemos acompanha entrega de pauta de reivindica\u00e7\u00e3o dos Sem Terrinha ao Governo"},"content":{"rendered":"<p>&nbsp;<span class=\"Apple-style-span\" style=\"color: rgb(44, 44, 44); font-family: 'Trebuchet MS', sans-serif; font-size: 14px; line-height: 20px; \">Entre as reivindica&ccedil;&otilde;es est&aacute; o assentamento de cerca de 6 mil fam&iacute;lias acampadas no Paran&aacute;, investimento e apoio &agrave; educa&ccedil;&atilde;o e &agrave; cultura, forma&ccedil;&atilde;o de educadores do Campo e melhorias nas condi&ccedil;&otilde;es de vida nos assentamentos e acampamentos. A a&ccedil;&atilde;o integra o 9&ordm; Encontro dos Sem Terrinha e 1&ordm; Festival de Artes das Escolas de Assentamento do Paran&aacute;, que t&ecirc;m como tema &ldquo;Por Escola no Campo e Alimentos Sem Agrot&oacute;xicos&rdquo;.<\/p>\n<p><\/span><\/p>\n<div style=\"padding-top: 0px; padding-right: 0px; padding-bottom: 0px; padding-left: 0px; margin-top: 0px; margin-right: 0px; margin-bottom: 0px; margin-left: 0px; color: rgb(44, 44, 44); font-family: 'Trebuchet MS', sans-serif; font-size: 14px; line-height: 20px; \">Cerca de 2.500 crian&ccedil;as, adolescentes e jovens integrantes do Movimento dos Trabalhadores Sem Terra &ndash; MST est&atilde;o em Curitiba desde o dia 29\/10 para o 9&ordm; Encontro dos Sem Terrinha e 1&ordm; Festival de Artes das Escolas de Assentamento do Paran&aacute;, que t&ecirc;m como tema &ldquo;Por Escola no Campo e Alimentos Sem Agrot&oacute;xicos&rdquo;. Al&eacute;m de apresenta&ccedil;&otilde;es art&iacute;sticas, oficinas, passeios e palestras, os sem terrinha entregaram, na manh&atilde; desta segunda-feira (31\/10), a pauta de reivindica&ccedil;&otilde;es ao governo no estado, em ato realizado em frente ao Pal&aacute;cio do Igua&ccedil;u, na Pra&ccedil;a Nossa senhora de Salete.<\/div>\n<div style=\"padding-top: 0px; padding-right: 0px; padding-bottom: 0px; padding-left: 0px; margin-top: 0px; margin-right: 0px; margin-bottom: 0px; margin-left: 0px; color: rgb(44, 44, 44); font-family: 'Trebuchet MS', sans-serif; font-size: 14px; line-height: 20px; \">&nbsp;<\/div>\n<div style=\"padding-top: 0px; padding-right: 0px; padding-bottom: 0px; padding-left: 0px; margin-top: 0px; margin-right: 0px; margin-bottom: 0px; margin-left: 0px; color: rgb(44, 44, 44); font-family: 'Trebuchet MS', sans-serif; font-size: 14px; line-height: 20px; \">Entre as reivindica&ccedil;&otilde;es centrais est&aacute; investimento e apoio &agrave; educa&ccedil;&atilde;o e a cultura, setores que v&ecirc;m sofrendo retrocessos nos &uacute;ltimos anos, com o fechamento de 24 mil escolas do campo em todo o Brasil. Outro item da pauta &eacute; o assentamento para cerca de 6 mil fam&iacute;lias acampadas no Paran&aacute;, melhorias nas condi&ccedil;&otilde;es de vida nos assentamentos e acampamentos, com garantia de acesso &agrave; energia el&eacute;trica, atendimento &agrave; sa&uacute;de e saneamento b&aacute;sico.<\/div>\n<div style=\"padding-top: 0px; padding-right: 0px; padding-bottom: 0px; padding-left: 0px; margin-top: 0px; margin-right: 0px; margin-bottom: 0px; margin-left: 0px; color: rgb(44, 44, 44); font-family: 'Trebuchet MS', sans-serif; font-size: 14px; line-height: 20px; \">&nbsp;<\/div>\n<div style=\"padding-top: 0px; padding-right: 0px; padding-bottom: 0px; padding-left: 0px; margin-top: 0px; margin-right: 0px; margin-bottom: 0px; margin-left: 0px; color: rgb(44, 44, 44); font-family: 'Trebuchet MS', sans-serif; font-size: 14px; line-height: 20px; \">O documento busca tamb&eacute;m a melhoria da merenda, por meio da compra direta de alimentos dos produtores assentados, medidas j&aacute; existentes em algumas localidades pelo Programa de Aquisi&ccedil;&atilde;o de Alimentos e Programa Nacional de Alimenta&ccedil;&atilde;o Escolar &ndash; PNAE.<\/div>\n<div style=\"padding-top: 0px; padding-right: 0px; padding-bottom: 0px; padding-left: 0px; margin-top: 0px; margin-right: 0px; margin-bottom: 0px; margin-left: 0px; color: rgb(44, 44, 44); font-family: 'Trebuchet MS', sans-serif; font-size: 14px; line-height: 20px; \">&nbsp;<\/div>\n<div style=\"padding-top: 0px; padding-right: 0px; padding-bottom: 0px; padding-left: 0px; margin-top: 0px; margin-right: 0px; margin-bottom: 0px; margin-left: 0px; color: rgb(44, 44, 44); font-family: 'Trebuchet MS', sans-serif; font-size: 14px; line-height: 20px; \">Participaram do ato o superintendente da Secretaria de Educa&ccedil;&atilde;o, Paulo Schmidt, o assessor para Assuntos Fundi&aacute;rios do Governo do Estado, Hamilton Serighelli, o superintendente do INCRA Nilton Bezerra Guedes, o deputado estadual Professor Lemos e a presidenta da APP-Sindicato, Marlei Fernandes.<\/div>\n<div style=\"padding-top: 0px; padding-right: 0px; padding-bottom: 0px; padding-left: 0px; margin-top: 0px; margin-right: 0px; margin-bottom: 0px; margin-left: 0px; color: rgb(44, 44, 44); font-family: 'Trebuchet MS', sans-serif; font-size: 14px; line-height: 20px; \">&nbsp;<\/div>\n<div style=\"padding-top: 0px; padding-right: 0px; padding-bottom: 0px; padding-left: 0px; margin-top: 0px; margin-right: 0px; margin-bottom: 0px; margin-left: 0px; color: rgb(44, 44, 44); font-family: 'Trebuchet MS', sans-serif; font-size: 14px; line-height: 20px; \">Professor Lemos, parabenizou aos sem terrinhas presentes e salientou o exemplo de cidadania que as crian&ccedil;as e jovens do MST estavam dando durante o evento. &ldquo;Estou convencido que voc&ecirc;s est&atilde;o dando o maior exemplo de cidadania que Curitiba j&aacute; viu. Ontem a noite, na abertura do I Encontro de Artes, fiquei emocionado, muitos talentos, muita m&uacute;sica, dan&ccedil;a. Todos est&atilde;o de parab&eacute;ns. Tamb&eacute;m &eacute; importante lembrar a pauta de reivindica&ccedil;&otilde;es que entregamos hoje ao governo do estado. &Eacute; necess&aacute;rio garantir uma educa&ccedil;&atilde;o p&uacute;blica de qualidade no campo. Uma educa&ccedil;&atilde;o feita por gente do campo. Educadores qualificados, que saibam, que conhe&ccedil;am as necessidades e anseios dos alunos do campo. S&oacute; assim teremos uma educa&ccedil;&atilde;o emancipadora. Sem contar das quest&otilde;es de infra-estrutura. Luz, &aacute;gua, acesso &agrave; internet, saneamento b&aacute;sico e espa&ccedil;os para o esporte e a arte&rdquo;, concluiu Lemos.<\/div>\n<div style=\"padding-top: 0px; padding-right: 0px; padding-bottom: 0px; padding-left: 0px; margin-top: 0px; margin-right: 0px; margin-bottom: 0px; margin-left: 0px; color: rgb(44, 44, 44); font-family: 'Trebuchet MS', sans-serif; font-size: 14px; line-height: 20px; \">&nbsp;<\/div>\n<div style=\"padding-top: 0px; padding-right: 0px; padding-bottom: 0px; padding-left: 0px; margin-top: 0px; margin-right: 0px; margin-bottom: 0px; margin-left: 0px; color: rgb(44, 44, 44); font-family: 'Trebuchet MS', sans-serif; font-size: 14px; line-height: 20px; \">Segundo a integrante do Setor de Educa&ccedil;&atilde;o do MST do Paran&aacute;, Sandra Scheeren, o processo de constru&ccedil;&atilde;o da pauta partiu de debates das escolas das brigadas do Movimento. &ldquo;T&ecirc;m lugares em que este processo de debate j&aacute; est&aacute; acontecendo h&aacute; bastante tempo. H&aacute; um esfor&ccedil;o do Movimento em ajudar a debater a pedagogia e a condi&ccedil;&atilde;o da escola, al&eacute;m de contribuir para que a escola consiga fazer a luta por pol&iacute;ticas p&uacute;blicas para que a educa&ccedil;&atilde;o no geral seja melhor&rdquo;, afirma Sandra.<\/div>\n<div style=\"padding-top: 0px; padding-right: 0px; padding-bottom: 0px; padding-left: 0px; margin-top: 0px; margin-right: 0px; margin-bottom: 0px; margin-left: 0px; color: rgb(44, 44, 44); font-family: 'Trebuchet MS', sans-serif; font-size: 14px; line-height: 20px; \">&nbsp;<\/div>\n<div style=\"padding-top: 0px; padding-right: 0px; padding-bottom: 0px; padding-left: 0px; margin-top: 0px; margin-right: 0px; margin-bottom: 0px; margin-left: 0px; color: rgb(44, 44, 44); font-family: 'Trebuchet MS', sans-serif; font-size: 14px; line-height: 20px; \">Os estudantes Fabiana Nunes Gottardo, assentada no Munic&iacute;pio de Manuel Ribas, e Jean Carlos dos Santos de Lima, do pr&eacute;-assentamento 1&ordm; de Maio, em Rio Branco do Iva&iacute;, representaram as crian&ccedil;as, adolescentes e jovens do MST na entrega da pauta de reivindica&ccedil;&atilde;o.<\/div>\n<div style=\"padding-top: 0px; padding-right: 0px; padding-bottom: 0px; padding-left: 0px; margin-top: 0px; margin-right: 0px; margin-bottom: 0px; margin-left: 0px; color: rgb(44, 44, 44); font-family: 'Trebuchet MS', sans-serif; font-size: 14px; line-height: 20px; \">&nbsp;<\/div>\n<div style=\"padding-top: 0px; padding-right: 0px; padding-bottom: 0px; padding-left: 0px; margin-top: 0px; margin-right: 0px; margin-bottom: 0px; margin-left: 0px; color: rgb(44, 44, 44); font-family: 'Trebuchet MS', sans-serif; font-size: 14px; line-height: 20px; \">Fabiane, de 12 anos, conta que a pauta foi elaborada a partir de v&aacute;rios momentos de conversa sobre a realidade local e a import&acirc;ncia da escola para a vida das crian&ccedil;as do campo. &ldquo;A gente se reunia na escola e discutia sobre a educa&ccedil;&atilde;o, as estradas, anotamos tudo e trabalhamos na pauta para entregar ao governo do estado&rdquo;, relata a estudante da 7&ordf; s&eacute;rie.<\/div>\n<div style=\"padding-top: 0px; padding-right: 0px; padding-bottom: 0px; padding-left: 0px; margin-top: 0px; margin-right: 0px; margin-bottom: 0px; margin-left: 0px; color: rgb(44, 44, 44); font-family: 'Trebuchet MS', sans-serif; font-size: 14px; line-height: 20px; \">&nbsp;<\/div>\n<div style=\"padding-top: 0px; padding-right: 0px; padding-bottom: 0px; padding-left: 0px; margin-top: 0px; margin-right: 0px; margin-bottom: 0px; margin-left: 0px; color: rgb(44, 44, 44); font-family: 'Trebuchet MS', sans-serif; font-size: 14px; line-height: 20px; \">&ldquo;A nossa vontade &eacute; de que todas as crian&ccedil;as que est&atilde;o no campo tenham os mesmos direitos e as mesmas chances de aprendizado das que est&atilde;o na cidade&rdquo;, resume o adolescente Jean Carlos, de 13 anos.<\/p>\n<p>Assessoria Dep Prof Lemos<\/p><\/div>\n","protected":false},"excerpt":{"rendered":"<p>Entre as reivindica\u00e7\u00f5es est\u00e1 o assentamento de cerca de 6 mil fam\u00edlias acampadas no Paran\u00e1, investimento e apoio \u00e0 educa\u00e7\u00e3o e \u00e0 cultura, forma\u00e7\u00e3o de educadores do Campo e melhorias nas condi\u00e7\u00f5es de vida nos assentamentos e acampamentos. A a\u00e7\u00e3o integra o 9\u00ba Encontro dos Sem Terrinha e 1\u00ba Festival de Artes das Escolas de Assentamento do Paran\u00e1, que t\u00eam como tema \u201cPor Escola no Campo e Alimentos Sem Agrot\u00f3xicos\u201d.<\/p>\n","protected":false},"author":1,"featured_media":27428,"comment_status":"open","ping_status":"open","sticky":false,"template":"","format":"standard","meta":{"footnotes":""},"categories":[1],"tags":[6410],"class_list":["post-27429","post","type-post","status-publish","format-standard","has-post-thumbnail","hentry","category-noticias-zeca-dirceu","tag-lemos-acompanha-entrega-de-pauta-de-reivindicacao-dos-sem-terrinha-ao-governo"],"_links":{"self":[{"href":"https:\/\/teste.bsb.br\/zeca\/wp-json\/wp\/v2\/posts\/27429","targetHints":{"allow":["GET"]}}],"collection":[{"href":"https:\/\/teste.bsb.br\/zeca\/wp-json\/wp\/v2\/posts"}],"about":[{"href":"https:\/\/teste.bsb.br\/zeca\/wp-json\/wp\/v2\/types\/post"}],"author":[{"embeddable":true,"href":"https:\/\/teste.bsb.br\/zeca\/wp-json\/wp\/v2\/users\/1"}],"replies":[{"embeddable":true,"href":"https:\/\/teste.bsb.br\/zeca\/wp-json\/wp\/v2\/comments?post=27429"}],"version-history":[{"count":0,"href":"https:\/\/teste.bsb.br\/zeca\/wp-json\/wp\/v2\/posts\/27429\/revisions"}],"wp:featuredmedia":[{"embeddable":true,"href":"https:\/\/teste.bsb.br\/zeca\/wp-json\/wp\/v2\/media\/27428"}],"wp:attachment":[{"href":"https:\/\/teste.bsb.br\/zeca\/wp-json\/wp\/v2\/media?parent=27429"}],"wp:term":[{"taxonomy":"category","embeddable":true,"href":"https:\/\/teste.bsb.br\/zeca\/wp-json\/wp\/v2\/categories?post=27429"},{"taxonomy":"post_tag","embeddable":true,"href":"https:\/\/teste.bsb.br\/zeca\/wp-json\/wp\/v2\/tags?post=27429"}],"curies":[{"name":"wp","href":"https:\/\/api.w.org\/{rel}","templated":true}]}}