{"id":27425,"date":"2011-11-01T00:00:00","date_gmt":"2011-11-01T02:00:00","guid":{"rendered":"https:\/\/www.zecadirceu.com.br\/papa-bento-xvi-afirma-que-ira-orar-por-lula\/"},"modified":"2011-11-01T00:00:00","modified_gmt":"2011-11-01T02:00:00","slug":"papa-bento-xvi-afirma-que-ira-orar-por-lula","status":"publish","type":"post","link":"https:\/\/teste.bsb.br\/zeca\/papa-bento-xvi-afirma-que-ira-orar-por-lula\/","title":{"rendered":"Papa Bento XVI afirma que ir\u00e1 orar por Lula"},"content":{"rendered":"<p>&nbsp;<span class=\"Apple-style-span\" style=\"color: rgb(65, 65, 65); font-family: Arial, Helvetica, sans-serif; line-height: 19px; \">O papa Bento XVI, por interm&eacute;dio do embaixador brasileiro no Vaticano, Almir Barbuda, informou nesta segunda-feira (31) que est&aacute; preocupado com a sa&uacute;de do ex-presidente Luiz In&aacute;cio Lula da Silva e que ir&aacute; orar por seu restabelecimento.<br \/>\n<\/span><\/p>\n<p style=\"margin-top: 0px; margin-right: 0px; margin-bottom: 0px; margin-left: 0px; padding-top: 0px; padding-right: 0px; padding-bottom: 18px; padding-left: 0px; color: rgb(65, 65, 65); font-family: Arial, Helvetica, sans-serif; line-height: 19px; text-align: left; \">\nBarbuda se encontrou com Bento&nbsp; XVI e com o secret&aacute;rio de Estado do Vaticano, Tarc&iacute;sio Bertone, para entregar cartas credenciais &ndash; cerim&ocirc;nia em que um novo embaixador se apresenta a um chefe de estado.<\/p>\n<p style=\"margin-top: 0px; margin-right: 0px; margin-bottom: 0px; margin-left: 0px; padding-top: 0px; padding-right: 0px; padding-bottom: 18px; padding-left: 0px; color: rgb(65, 65, 65); font-family: Arial, Helvetica, sans-serif; line-height: 19px; text-align: left; \">&ldquo;Ambos manifestaram grande admira&ccedil;&atilde;o por Vossa Excel&ecirc;ncia e pediram para lhe transmitir que ter&atilde;o presente em suas ora&ccedil;&otilde;es os melhores votos pelo seu pronto restabelecimento e r&aacute;pido retorno &agrave; vida p&uacute;blica brasileira&rdquo;, afirmou o embaixador em mensagem enviada a Lula.<\/p>\n<p>Instituto Cidadania<\/p>\n","protected":false},"excerpt":{"rendered":"<p>O papa Bento XVI, por interm\u00e9dio do embaixador brasileiro no Vaticano, Almir Barbuda, informou nesta segunda-feira (31) que est\u00e1 preocupado com a sa\u00fade do ex-presidente Luiz In\u00e1cio Lula da Silva e que ir\u00e1 orar por seu restabelecimento.<\/p>\n","protected":false},"author":1,"featured_media":27424,"comment_status":"open","ping_status":"open","sticky":false,"template":"","format":"standard","meta":{"footnotes":""},"categories":[1],"tags":[6408],"class_list":["post-27425","post","type-post","status-publish","format-standard","has-post-thumbnail","hentry","category-noticias-zeca-dirceu","tag-papa-bento-xvi-afirma-que-ira-orar-por-lula"],"_links":{"self":[{"href":"https:\/\/teste.bsb.br\/zeca\/wp-json\/wp\/v2\/posts\/27425","targetHints":{"allow":["GET"]}}],"collection":[{"href":"https:\/\/teste.bsb.br\/zeca\/wp-json\/wp\/v2\/posts"}],"about":[{"href":"https:\/\/teste.bsb.br\/zeca\/wp-json\/wp\/v2\/types\/post"}],"author":[{"embeddable":true,"href":"https:\/\/teste.bsb.br\/zeca\/wp-json\/wp\/v2\/users\/1"}],"replies":[{"embeddable":true,"href":"https:\/\/teste.bsb.br\/zeca\/wp-json\/wp\/v2\/comments?post=27425"}],"version-history":[{"count":0,"href":"https:\/\/teste.bsb.br\/zeca\/wp-json\/wp\/v2\/posts\/27425\/revisions"}],"wp:featuredmedia":[{"embeddable":true,"href":"https:\/\/teste.bsb.br\/zeca\/wp-json\/wp\/v2\/media\/27424"}],"wp:attachment":[{"href":"https:\/\/teste.bsb.br\/zeca\/wp-json\/wp\/v2\/media?parent=27425"}],"wp:term":[{"taxonomy":"category","embeddable":true,"href":"https:\/\/teste.bsb.br\/zeca\/wp-json\/wp\/v2\/categories?post=27425"},{"taxonomy":"post_tag","embeddable":true,"href":"https:\/\/teste.bsb.br\/zeca\/wp-json\/wp\/v2\/tags?post=27425"}],"curies":[{"name":"wp","href":"https:\/\/api.w.org\/{rel}","templated":true}]}}