{"id":27417,"date":"2011-11-02T00:00:00","date_gmt":"2011-11-02T02:00:00","guid":{"rendered":"https:\/\/www.zecadirceu.com.br\/brasil-e-referencia-para-18-paises-no-combate-a-fome\/"},"modified":"2011-11-02T00:00:00","modified_gmt":"2011-11-02T02:00:00","slug":"brasil-e-referencia-para-18-paises-no-combate-a-fome","status":"publish","type":"post","link":"https:\/\/teste.bsb.br\/zeca\/brasil-e-referencia-para-18-paises-no-combate-a-fome\/","title":{"rendered":"Brasil \u00e9 refer\u00eancia para 18 pa\u00edses no combate \u00e0 fome"},"content":{"rendered":"<p>&nbsp;<span class=\"Apple-style-span\" style=\"font-family: Verdana, Helvetica, sans-serif; font-size: 13px; line-height: 19px; \">Nono doador de alimentos no mundo e respons&aacute;vel por uma s&eacute;rie de programas de transfer&ecirc;ncia de renda, o Brasil se tornou refer&ecirc;ncia para o Programa Mundial de Alimenta&ccedil;&atilde;o das Na&ccedil;&otilde;es Unidas (cuja sigla em ingl&ecirc;s &eacute; WFP). No pr&oacute;ximo dia 7, ser&aacute; inaugurado o primeiro Centro de Excel&ecirc;ncia Contra a Fome no Brasil, em Bras&iacute;lia, mas a festa vai ser em Salvador (na Bahia). O escrit&oacute;rio comandar&aacute; a&ccedil;&otilde;es em 18 pa&iacute;ses &ndash; na Am&eacute;rica Latina, &Aacute;frica e &Aacute;sia.<\/span><\/p>\n<p style=\"margin-bottom: 0.9em; line-height: 19px; font-family: Verdana, Helvetica, sans-serif; font-size: 13px; \">A busca por a&ccedil;&otilde;es conjuntas de erradica&ccedil;&atilde;o da mis&eacute;ria e pelo fim das desigualdades sociais ser&aacute; tema de uma das reuni&otilde;es da C&uacute;pula do G20 (que re&uacute;ne as 20 maiores economias no mundo), em Cannes, na Fran&ccedil;a. Para Daniel Balaban, que assumir&aacute; a dire&ccedil;&atilde;o do Centro de Excel&ecirc;ncia Contra a Fome no Brasil, &eacute; fundamental que a comunidade internacional busque solu&ccedil;&otilde;es para o combate &agrave; fome no planeta. &nbsp;<br \/>\n&nbsp;&nbsp;<br \/>\n&ldquo;A fome tem de ser o principal item da pauta do G20. &Eacute; inadmiss&iacute;vel chegarmos a 7 bilh&otilde;es de habitantes no mundo e haver 1 bilh&atilde;o passando fome. E passar fome significa n&atilde;o ter acesso aos alimentos. O problema est&aacute; em todos os lugares do mundo. Mas no Sudeste da &Aacute;sia, principalmente em &aacute;reas da &Iacute;ndia e China, isso &eacute; mais grave ainda&rdquo;, disse Balaban.<\/p>\n<p style=\"margin-bottom: 0.9em; line-height: 19px; font-family: Verdana, Helvetica, sans-serif; font-size: 13px; \">Na tentativa de buscar solu&ccedil;&otilde;es e minimizar a fome, o Programa Mundial de Alimenta&ccedil;&atilde;o, a maior ag&ecirc;ncia da Organiza&ccedil;&atilde;o das Na&ccedil;&otilde;es Unidas (ONU), atua no mundo h&aacute; 48 anos. Segundo dados da organiza&ccedil;&atilde;o, s&atilde;o 80 pa&iacute;ses atendidos e cerca de 90 milh&otilde;es de pessoas beneficiadas (por ano).<\/p>\n<p style=\"margin-bottom: 0.9em; line-height: 19px; font-family: Verdana, Helvetica, sans-serif; font-size: 13px; \">Nas Am&eacute;ricas, o Programa Mundial de Alimenta&ccedil;&atilde;o desenvolve a&ccedil;&otilde;es na Bol&iacute;via, na Col&ocirc;mbia, em &nbsp;<br \/>\nCuba, no Equador, em El Salvador, na Guatemala, no Haiti, em Honduras, na Nicar&aacute;gua e no Peru. Para Balaban, &eacute; essencial o est&iacute;mulo a investimentos em todos os pa&iacute;ses para ser poss&iacute;vel a redu&ccedil;&atilde;o dos que passam fome no mundo.<\/p>\n<p style=\"margin-bottom: 0.9em; line-height: 19px; font-family: Verdana, Helvetica, sans-serif; font-size: 13px; \">&ldquo;O mais importante &eacute; estimular os investimentos em v&aacute;rias &aacute;reas, como as parcerias, a agricultura, o apoio aos programas de sa&uacute;de e educa&ccedil;&atilde;o&rdquo;, disse Balaban &nbsp;&ldquo;Se o conjunto n&atilde;o for analisado, a tend&ecirc;ncia &eacute; acentuar o que ocorre atualmente: crian&ccedil;as e mulheres sofrem mais do que os outros grupos. Isso ocorre porque os homens deixam a fam&iacute;lia logo cedo e partem para as guerrilhas, por exemplo.&rdquo;<\/p>\n<p style=\"margin-bottom: 0.9em; line-height: 19px; font-family: Verdana, Helvetica, sans-serif; font-size: 13px; \"><em>*Colaborou Amanda Cieglinski\/\/Edi&ccedil;&atilde;o: Gra&ccedil;a Adjuto<br \/>\n<\/em>Renata Giraldi*<br \/>\n<em>Rep&oacute;rter da Ag&ecirc;ncia Brasil<\/em><\/p>\n","protected":false},"excerpt":{"rendered":"<p>Nono doador de alimentos no mundo e respons\u00e1vel por uma s\u00e9rie de programas de transfer\u00eancia de renda, o Brasil se tornou refer\u00eancia para o Programa Mundial de Alimenta\u00e7\u00e3o das Na\u00e7\u00f5es Unidas (cuja sigla em ingl\u00eas \u00e9 WFP). No pr\u00f3ximo dia 7, ser\u00e1 inaugurado o primeiro Centro de Excel\u00eancia Contra a Fome no Brasil, em Bras\u00edlia, mas a festa vai ser em Salvador (na Bahia). O escrit\u00f3rio comandar\u00e1 a\u00e7\u00f5es em 18 pa\u00edses \u2013 na Am\u00e9rica Latina, \u00c1frica e \u00c1sia.<\/p>\n","protected":false},"author":1,"featured_media":27416,"comment_status":"open","ping_status":"open","sticky":false,"template":"","format":"standard","meta":{"footnotes":""},"categories":[1],"tags":[6406],"class_list":["post-27417","post","type-post","status-publish","format-standard","has-post-thumbnail","hentry","category-noticias-zeca-dirceu","tag-brasil-e-referencia-para-18-paises-no-combate-a-fome"],"_links":{"self":[{"href":"https:\/\/teste.bsb.br\/zeca\/wp-json\/wp\/v2\/posts\/27417","targetHints":{"allow":["GET"]}}],"collection":[{"href":"https:\/\/teste.bsb.br\/zeca\/wp-json\/wp\/v2\/posts"}],"about":[{"href":"https:\/\/teste.bsb.br\/zeca\/wp-json\/wp\/v2\/types\/post"}],"author":[{"embeddable":true,"href":"https:\/\/teste.bsb.br\/zeca\/wp-json\/wp\/v2\/users\/1"}],"replies":[{"embeddable":true,"href":"https:\/\/teste.bsb.br\/zeca\/wp-json\/wp\/v2\/comments?post=27417"}],"version-history":[{"count":0,"href":"https:\/\/teste.bsb.br\/zeca\/wp-json\/wp\/v2\/posts\/27417\/revisions"}],"wp:featuredmedia":[{"embeddable":true,"href":"https:\/\/teste.bsb.br\/zeca\/wp-json\/wp\/v2\/media\/27416"}],"wp:attachment":[{"href":"https:\/\/teste.bsb.br\/zeca\/wp-json\/wp\/v2\/media?parent=27417"}],"wp:term":[{"taxonomy":"category","embeddable":true,"href":"https:\/\/teste.bsb.br\/zeca\/wp-json\/wp\/v2\/categories?post=27417"},{"taxonomy":"post_tag","embeddable":true,"href":"https:\/\/teste.bsb.br\/zeca\/wp-json\/wp\/v2\/tags?post=27417"}],"curies":[{"name":"wp","href":"https:\/\/api.w.org\/{rel}","templated":true}]}}