{"id":27415,"date":"2011-11-02T00:00:00","date_gmt":"2011-11-02T02:00:00","guid":{"rendered":"https:\/\/www.zecadirceu.com.br\/selecao-do-projeto-computadores-para-inclusao\/"},"modified":"2011-11-02T00:00:00","modified_gmt":"2011-11-02T02:00:00","slug":"selecao-do-projeto-computadores-para-inclusao","status":"publish","type":"post","link":"https:\/\/teste.bsb.br\/zeca\/selecao-do-projeto-computadores-para-inclusao\/","title":{"rendered":"Sele\u00e7\u00e3o do projeto Computadores para Inclus\u00e3o"},"content":{"rendered":"<p>&nbsp;<\/p>\n<div><span class=\"Apple-style-span\" style=\"color: rgb(40, 49, 48); font-family: Arial, Helvetica, sans-serif; font-size: 13px; line-height: 17px; \">O deputado Zeca Dirceu lembra que o Minist&eacute;rio das Comunica&ccedil;&otilde;es abriu&nbsp;<\/span><a class=\"external-link first-child\" href=\"http:\/\/www.in.gov.br\/visualiza\/index.jsp?data=28\/10\/2011&amp;jornal=3&amp;pagina=139&amp;totalArquivos=280\" target=\"_blank\" style=\"margin-top: 0px; margin-right: 0px; margin-bottom: 0px; margin-left: 0px; padding-top: 0px; padding-right: 12px; padding-bottom: 0px; padding-left: 0px; border-top-width: 0px; border-right-width: 0px; border-bottom-width: 0px; border-left-width: 0px; border-style: initial; border-color: initial; outline-width: 0px; outline-style: initial; outline-color: initial; vertical-align: baseline; background-image: url(http:\/\/www.secom.gov.br\/portal_css\/Secom\/bg\/linkExterno.gif); background-attachment: initial; background-origin: initial; background-clip: initial; color: rgb(23, 67, 155); font-family: Arial, Helvetica, sans-serif; font-size: 13px; line-height: 17px; background-position: 100% 50%; background-repeat: no-repeat no-repeat; \">edital<\/a><span class=\"Apple-style-span\" style=\"color: rgb(40, 49, 48); font-family: Arial, Helvetica, sans-serif; font-size: 13px; line-height: 17px; \">&nbsp;&nbsp;para selecionar Centros de Recondicionamento de Computadores (CRCs), dentro do projeto Computadores para Inclus&atilde;o. O objetivo &eacute; eleger as entidades que ser&atilde;o respons&aacute;veis pela condu&ccedil;&atilde;o e manuten&ccedil;&atilde;o dos CRCs, que podem ser organiza&ccedil;&otilde;es da sociedade civil de interesse p&uacute;blico (Oscips) ou de utilidade p&uacute;blica federal. <\/p>\n<p>Os centros s&atilde;o espa&ccedil;os instalados geralmente nas periferias de grandes regi&otilde;es metropolitanas, voltados para formar jovens em situa&ccedil;&atilde;o de vulnerabilidade social no reaproveitamento de equipamentos de inform&aacute;tica usados. As entidades selecionadas precisam implementar a&ccedil;&otilde;es de car&aacute;ter administrativo, t&eacute;cnico e pedag&oacute;gico, com forma&ccedil;&atilde;o de jovens em oficinas, cursos, e outras atividades. Tamb&eacute;m cabe &agrave;s entidades a capta&ccedil;&atilde;o, armazenamento, recondicionamento e distribui&ccedil;&atilde;o dos equipamentos de inform&aacute;tica. As inscri&ccedil;&otilde;es podem ser feitas por meio do Sistema de&nbsp;<\/span><a class=\"external-link last-child\" href=\"http:\/\/www.convenios.gov.br\/\" target=\"_blank\" style=\"margin-top: 0px; margin-right: 0px; margin-bottom: 0px; margin-left: 0px; padding-top: 0px; padding-right: 12px; padding-bottom: 0px; padding-left: 0px; border-top-width: 0px; border-right-width: 0px; border-bottom-width: 0px; border-left-width: 0px; border-style: initial; border-color: initial; outline-width: 0px; outline-style: initial; outline-color: initial; vertical-align: baseline; background-image: url(http:\/\/www.secom.gov.br\/portal_css\/Secom\/bg\/linkExterno.gif); background-attachment: initial; background-origin: initial; background-clip: initial; color: rgb(23, 67, 155); font-family: Arial, Helvetica, sans-serif; font-size: 13px; line-height: 17px; background-position: 100% 50%; background-repeat: no-repeat no-repeat; \">Gest&atilde;o de Conv&ecirc;nios e Contratos de Repasse (Siconv)<\/a><span class=\"Apple-style-span\" style=\"color: rgb(40, 49, 48); font-family: Arial, Helvetica, sans-serif; font-size: 13px; line-height: 17px; \">&nbsp;&ndash; &nbsp;at&eacute; 12 de novembro.&nbsp;<\/span><\/div>\n","protected":false},"excerpt":{"rendered":"<p>O deputado Zeca Dirceu lembra que o Minist\u00e9rio das Comunica\u00e7\u00f5es abriu edital  para selecionar Centros de Recondicionamento de Computadores (CRCs), dentro do projeto Computadores para Inclus\u00e3o. O objetivo \u00e9 eleger as entidades que ser\u00e3o respons\u00e1veis pela condu\u00e7\u00e3o e manuten\u00e7\u00e3o dos CRCs, que podem ser organiza\u00e7\u00f5es da sociedade civil de interesse p\u00fablico (Oscips) ou de utilidade p\u00fablica federal.<\/p>\n","protected":false},"author":1,"featured_media":27414,"comment_status":"open","ping_status":"open","sticky":false,"template":"","format":"standard","meta":{"footnotes":""},"categories":[1],"tags":[6405],"class_list":["post-27415","post","type-post","status-publish","format-standard","has-post-thumbnail","hentry","category-noticias-zeca-dirceu","tag-selecao-do-projeto-computadores-para-inclusao"],"_links":{"self":[{"href":"https:\/\/teste.bsb.br\/zeca\/wp-json\/wp\/v2\/posts\/27415","targetHints":{"allow":["GET"]}}],"collection":[{"href":"https:\/\/teste.bsb.br\/zeca\/wp-json\/wp\/v2\/posts"}],"about":[{"href":"https:\/\/teste.bsb.br\/zeca\/wp-json\/wp\/v2\/types\/post"}],"author":[{"embeddable":true,"href":"https:\/\/teste.bsb.br\/zeca\/wp-json\/wp\/v2\/users\/1"}],"replies":[{"embeddable":true,"href":"https:\/\/teste.bsb.br\/zeca\/wp-json\/wp\/v2\/comments?post=27415"}],"version-history":[{"count":0,"href":"https:\/\/teste.bsb.br\/zeca\/wp-json\/wp\/v2\/posts\/27415\/revisions"}],"wp:featuredmedia":[{"embeddable":true,"href":"https:\/\/teste.bsb.br\/zeca\/wp-json\/wp\/v2\/media\/27414"}],"wp:attachment":[{"href":"https:\/\/teste.bsb.br\/zeca\/wp-json\/wp\/v2\/media?parent=27415"}],"wp:term":[{"taxonomy":"category","embeddable":true,"href":"https:\/\/teste.bsb.br\/zeca\/wp-json\/wp\/v2\/categories?post=27415"},{"taxonomy":"post_tag","embeddable":true,"href":"https:\/\/teste.bsb.br\/zeca\/wp-json\/wp\/v2\/tags?post=27415"}],"curies":[{"name":"wp","href":"https:\/\/api.w.org\/{rel}","templated":true}]}}