{"id":27411,"date":"2011-11-02T00:00:00","date_gmt":"2011-11-02T02:00:00","guid":{"rendered":"https:\/\/www.zecadirceu.com.br\/diario-oficial-traz-nomeacao-do-jornalista-nelson-breve-para-presidencia-da-ebc\/"},"modified":"2011-11-02T00:00:00","modified_gmt":"2011-11-02T02:00:00","slug":"diario-oficial-traz-nomeacao-do-jornalista-nelson-breve-para-presidencia-da-ebc","status":"publish","type":"post","link":"https:\/\/teste.bsb.br\/zeca\/diario-oficial-traz-nomeacao-do-jornalista-nelson-breve-para-presidencia-da-ebc\/","title":{"rendered":"Di\u00e1rio Oficial traz nomea\u00e7\u00e3o do jornalista Nelson Breve para presid\u00eancia da EBC"},"content":{"rendered":"<p>&nbsp;Foi publicada ontem (1&ordm;) no Di&aacute;rio Oficial da Uni&atilde;o a nomea&ccedil;&atilde;o do jornalista Nelson Breve para o cargo de diretor-presidente da Empresa Brasil de Comunica&ccedil;&atilde;o (EBC). Ele substitui a jornalista Tereza Cruvinel, que exerceu a fun&ccedil;&atilde;o no per&iacute;odo de 2007 a 2011.<\/p>\n<p class=\"MsoNormal\"><o:p><\/o:p><\/p>\n<p class=\"MsoNormal\">Secret&aacute;rio de Imprensa no segundo mandato do governo Lula, Nelson Breve formou-se em jornalismo pela Universidade de S&atilde;o Paulo (USP) e trabalhou em diversos &oacute;rg&atilde;os de imprensa, antes de iniciar sua atua&ccedil;&atilde;o no setor p&uacute;blico. Desde abril deste ano, ocupava o cargo de superintendente de Comunica&ccedil;&atilde;o Multim&iacute;dia na EBC.<o:p><\/o:p><\/p>\n<p class=\"MsoNormal\">No balan&ccedil;o de seu mandato como diretora-presidenta da EBC, Tereza Cruvinel destacou &ldquo;a cria&ccedil;&atilde;o da TV p&uacute;blica em &acirc;mbito nacional, a articula&ccedil;&atilde;o de uma rede p&uacute;blica de televis&atilde;o, a implanta&ccedil;&atilde;o de uma s&oacute;lida e consistente infra-estrutura de produ&ccedil;&atilde;o e transmiss&atilde;o de &uacute;ltima gera&ccedil;&atilde;o, a produ&ccedil;&atilde;o e difus&atilde;o de conte&uacute;dos diferenciados e complementares, observados os princ&iacute;pios da comunica&ccedil;&atilde;o p&uacute;blica.&rdquo;<o:p><\/o:p><\/p>\n<p class=\"MsoNormal\">A EBC engloba duas TVs p&uacute;blicas &ndash; TV Brasil e TV Brasil Internacional &ndash;, a Ag&ecirc;ncia Brasil, a Radioag&ecirc;ncia Nacional, oito emissoras de r&aacute;dio e a EBC Servi&ccedil;os, que presta servi&ccedil;os ao governo federal e opera a TV NBR, a &uacute;nica TV estatal do grupo.<\/p>\n<p class=\"MsoNormal\">Blog do Planalto<o:p><\/o:p><\/p>\n<p class=\"MsoNormal\"><o:p>&nbsp;<\/o:p><\/p>\n","protected":false},"excerpt":{"rendered":"<p>Foi publicada ontem (1\u00ba) no Di\u00e1rio Oficial da Uni\u00e3o a nomea\u00e7\u00e3o do jornalista Nelson Breve para o cargo de diretor-presidente da Empresa Brasil de Comunica\u00e7\u00e3o (EBC). Ele substitui a jornalista Tereza Cruvinel, que exerceu a fun\u00e7\u00e3o no per\u00edodo de 2007 a 2011.<\/p>\n","protected":false},"author":1,"featured_media":27410,"comment_status":"open","ping_status":"open","sticky":false,"template":"","format":"standard","meta":{"footnotes":""},"categories":[1],"tags":[6403],"class_list":["post-27411","post","type-post","status-publish","format-standard","has-post-thumbnail","hentry","category-noticias-zeca-dirceu","tag-diario-oficial-traz-nomeacao-do-jornalista-nelson-breve-para-presidencia-da-ebc"],"_links":{"self":[{"href":"https:\/\/teste.bsb.br\/zeca\/wp-json\/wp\/v2\/posts\/27411","targetHints":{"allow":["GET"]}}],"collection":[{"href":"https:\/\/teste.bsb.br\/zeca\/wp-json\/wp\/v2\/posts"}],"about":[{"href":"https:\/\/teste.bsb.br\/zeca\/wp-json\/wp\/v2\/types\/post"}],"author":[{"embeddable":true,"href":"https:\/\/teste.bsb.br\/zeca\/wp-json\/wp\/v2\/users\/1"}],"replies":[{"embeddable":true,"href":"https:\/\/teste.bsb.br\/zeca\/wp-json\/wp\/v2\/comments?post=27411"}],"version-history":[{"count":0,"href":"https:\/\/teste.bsb.br\/zeca\/wp-json\/wp\/v2\/posts\/27411\/revisions"}],"wp:featuredmedia":[{"embeddable":true,"href":"https:\/\/teste.bsb.br\/zeca\/wp-json\/wp\/v2\/media\/27410"}],"wp:attachment":[{"href":"https:\/\/teste.bsb.br\/zeca\/wp-json\/wp\/v2\/media?parent=27411"}],"wp:term":[{"taxonomy":"category","embeddable":true,"href":"https:\/\/teste.bsb.br\/zeca\/wp-json\/wp\/v2\/categories?post=27411"},{"taxonomy":"post_tag","embeddable":true,"href":"https:\/\/teste.bsb.br\/zeca\/wp-json\/wp\/v2\/tags?post=27411"}],"curies":[{"name":"wp","href":"https:\/\/api.w.org\/{rel}","templated":true}]}}