{"id":27405,"date":"2011-11-02T00:00:00","date_gmt":"2011-11-02T02:00:00","guid":{"rendered":"https:\/\/www.zecadirceu.com.br\/um-nivel-acima-em-competicao-nacional\/"},"modified":"2011-11-02T00:00:00","modified_gmt":"2011-11-02T02:00:00","slug":"um-nivel-acima-em-competicao-nacional","status":"publish","type":"post","link":"https:\/\/teste.bsb.br\/zeca\/um-nivel-acima-em-competicao-nacional\/","title":{"rendered":"Um n\u00edvel acima em competi\u00e7\u00e3o nacional"},"content":{"rendered":"<p>&nbsp;&nbsp;Elas participaram da segunda etapa do 16&ordm; Torneio Nacional de Gin&aacute;stica R&iacute;tmica realizado de 25 a 29 de outubro em Aracaj&uacute;, em Sergipe, e, competindo no n&iacute;vel II da categoria Infantil nos aparelhos Ma&ccedil;a e M&atilde;os Livres, conseguiram se classificar para o n&iacute;vel I na pr&oacute;xima competi&ccedil;&atilde;o, superando as expectativas da treinadora Juliana Pizzico.<\/p>\n<p class=\"MsoNormal\"><o:p><\/o:p><\/p>\n<p class=\"MsoNormal\">&ldquo;Nossa expectativa era fazer uma boa competi&ccedil;&atilde;o, para que as meninas ganhassem experi&ecirc;ncia, mas com desempenho muito bom a Larissa acabou ficando ou em 35&ordm; e a Gabrielly em 47&ordm; no individual. Isso em um universo de 116 competidoras de 19 estados brasileiros, em uma competi&ccedil;&atilde;o dif&iacute;cil, de bom n&iacute;vel t&eacute;cnico&rdquo;, conta Juliana.<o:p><\/o:p><\/p>\n<p class=\"MsoNormal\">Larissa, inclusive, chamou a aten&ccedil;&atilde;o inclusive dos t&eacute;cnicos das demais equipes, tendo conseguido ficar em terceiro entre as ginastas paranaenses participantes. &ldquo;A equipe da Escola Helena Kolody, de Curitiba, foi campe&atilde; da competi&ccedil;&atilde;o Infantil no conjunto, o que mostra que estamos evoluindo, que estamos bem pr&oacute;ximas da melhor GR do Paran&aacute;&rdquo;, diz a treinadora.<o:p><\/o:p><\/p>\n<p class=\"MsoNormal\">Larissa e Gabrielly s&atilde;o alunas do projeto social da Prosport e praticam a GR h&aacute; um ano e meio e o desempenho da dupla no torneio nacional deixou Juliana orgulhosa. &ldquo;Isso &eacute; um est&iacute;mulo muito grande pra elas e para as outras meninas que treinam conosco, al&eacute;m de ser muito bom para a academia, que &eacute; nova em competi&ccedil;&otilde;es, mas que est&aacute; mostrando resultados. Ent&atilde;o isso tudo &eacute; muito gratificante e nos deixa animadas para dar seq&uuml;&ecirc;ncia ao nosso trabalho&rdquo;, diz ela.<o:p><\/o:p><\/p>\n<p class=\"MsoNormal\">Patroc&iacute;nio<o:p><\/o:p><\/p>\n<p class=\"MsoNormal\">Para a competi&ccedil;&atilde;o em Aracaj&uacute;, com custos elevados devido &agrave; viagem de avi&atilde;o e hospedagem de tr&ecirc;s dias, as ginastas contaram com o apoio do Supermercado Musamar, da Docel&acirc;ndia, RedeFarma\/Farm&aacute;cia Am&eacute;rica, Estofados Savana, Mega Esportes, Sandra Mura &ndash; Arquitetura e dos atletas e comiss&atilde;o t&eacute;cnica do Gazin\/Umuarama Futsal<o:p><\/o:p><\/p>\n<p class=\"MsoNormal\">&ldquo;A gente n&atilde;o pode deixar de fazer esse agradecimento, esse reconhecimento a quem nos ajudou a participar da competi&ccedil;&atilde;o, e mostrar que os resultados est&atilde;o ai, que vale a pena acreditar e convidar os nossos patrocinadores a continuar acreditando, investindo no apoio, para que possamos seguir evoluindo. Muito obrigado a todos. Essa conquista &eacute; de todos n&oacute;s&rdquo;, agradece Julizana Pizzico.<o:p><\/o:p><\/p>\n<p class=\"MsoNormal\">Nova competi&ccedil;&atilde;o<o:p><\/o:p><\/p>\n<p class=\"MsoNormal\">E a GR da Prosport j&aacute; est&aacute; se preparando para o Campeonato Paranaense de Estreantes, que acontece no dia 28 de novembro em Cascavel, onde vai participar com o Conjunto Pr&eacute;-Infantil e com atletas do Pr&eacute;-Infnaitl, Infantil e Juvenil no individual.<\/p>\n<p>Umuarama Ilustrado<\/p>\n","protected":false},"excerpt":{"rendered":"<p>Parabenizo toda a equipe de Gin\u00e1stica R\u00edtmica .<\/p>\n<p>Elas participaram da segunda etapa do 16\u00ba Torneio Nacional de Gin\u00e1stica R\u00edtmica realizado de 25 a 29 de outubro em Aracaj\u00fa, em Sergipe, e, competindo no n\u00edvel II da categoria Infantil nos aparelhos Ma\u00e7a e M\u00e3os Livres, conseguiram se classificar para o n\u00edvel I na pr\u00f3xima competi\u00e7\u00e3o, superando as expectativas da treinadora Juliana Pizzico.<\/p>\n","protected":false},"author":1,"featured_media":27404,"comment_status":"open","ping_status":"open","sticky":false,"template":"","format":"standard","meta":{"footnotes":""},"categories":[1],"tags":[6401],"class_list":["post-27405","post","type-post","status-publish","format-standard","has-post-thumbnail","hentry","category-noticias-zeca-dirceu","tag-um-nivel-acima-em-competicao-nacional"],"_links":{"self":[{"href":"https:\/\/teste.bsb.br\/zeca\/wp-json\/wp\/v2\/posts\/27405","targetHints":{"allow":["GET"]}}],"collection":[{"href":"https:\/\/teste.bsb.br\/zeca\/wp-json\/wp\/v2\/posts"}],"about":[{"href":"https:\/\/teste.bsb.br\/zeca\/wp-json\/wp\/v2\/types\/post"}],"author":[{"embeddable":true,"href":"https:\/\/teste.bsb.br\/zeca\/wp-json\/wp\/v2\/users\/1"}],"replies":[{"embeddable":true,"href":"https:\/\/teste.bsb.br\/zeca\/wp-json\/wp\/v2\/comments?post=27405"}],"version-history":[{"count":0,"href":"https:\/\/teste.bsb.br\/zeca\/wp-json\/wp\/v2\/posts\/27405\/revisions"}],"wp:featuredmedia":[{"embeddable":true,"href":"https:\/\/teste.bsb.br\/zeca\/wp-json\/wp\/v2\/media\/27404"}],"wp:attachment":[{"href":"https:\/\/teste.bsb.br\/zeca\/wp-json\/wp\/v2\/media?parent=27405"}],"wp:term":[{"taxonomy":"category","embeddable":true,"href":"https:\/\/teste.bsb.br\/zeca\/wp-json\/wp\/v2\/categories?post=27405"},{"taxonomy":"post_tag","embeddable":true,"href":"https:\/\/teste.bsb.br\/zeca\/wp-json\/wp\/v2\/tags?post=27405"}],"curies":[{"name":"wp","href":"https:\/\/api.w.org\/{rel}","templated":true}]}}