{"id":27395,"date":"2011-11-03T00:00:00","date_gmt":"2011-11-03T02:00:00","guid":{"rendered":"https:\/\/www.zecadirceu.com.br\/melhor-cafe-do-parana-sera-conhecido-sexta-feira-em-apucarana\/"},"modified":"2011-11-03T00:00:00","modified_gmt":"2011-11-03T02:00:00","slug":"melhor-cafe-do-parana-sera-conhecido-sexta-feira-em-apucarana","status":"publish","type":"post","link":"https:\/\/teste.bsb.br\/zeca\/melhor-cafe-do-parana-sera-conhecido-sexta-feira-em-apucarana\/","title":{"rendered":"Melhor caf\u00e9 do Paran\u00e1 ser\u00e1 conhecido sexta-feira em Apucarana"},"content":{"rendered":"<p>&nbsp;<span class=\"Apple-style-span\" style=\"color: rgb(51, 51, 51); font-family: Arial, Helvetica, sans-serif; line-height: 18px; \">A organiza&ccedil;&atilde;o do Concurso Caf&eacute; Qualidade Paran&aacute; 2011 divulga nesta sexta-feira (4) os vencedores da nona edi&ccedil;&atilde;o do certame, evento que ter&aacute; in&iacute;cio &agrave;s 8h30, na Associa&ccedil;&atilde;o Cultural e Esportiva de Apucarana, com participa&ccedil;&atilde;o do secret&aacute;rio de agricultura e abastecimento Norberto Ortigara. Concorrem 19 finalistas, que superaram 300 concorrentes em seletivas regionais nas categorias caf&eacute; natural e cereja descascado. Ind&uacute;strias torrefadoras e cafeterias buscam esses gr&atilde;os para produzir blends e s&eacute;ries de caf&eacute;s especiais.&nbsp;<\/span><br style=\"color: rgb(51, 51, 51); font-family: Arial, Helvetica, sans-serif; line-height: 18px; text-align: left; \" \/><br \/>\n<br style=\"color: rgb(51, 51, 51); font-family: Arial, Helvetica, sans-serif; line-height: 18px; text-align: left; \" \/><br \/>\n<span class=\"Apple-style-span\" style=\"color: rgb(51, 51, 51); font-family: Arial, Helvetica, sans-serif; line-height: 18px; text-align: left; \">Os especialistas denominam cereja descascado o caf&eacute; maduro em que &eacute; retirada a polpa do gr&atilde;o antes de iniciar a secagem, com o objetivo de deixar o produto por menos tempo no terreiro. No processamento natural, m&eacute;todo mais usado no Brasil, retira-se a umidade dos gr&atilde;os inteiros.&nbsp;<\/span><br style=\"color: rgb(51, 51, 51); font-family: Arial, Helvetica, sans-serif; line-height: 18px; text-align: left; \" \/><br \/>\n<br style=\"color: rgb(51, 51, 51); font-family: Arial, Helvetica, sans-serif; line-height: 18px; text-align: left; \" \/><br \/>\n<span class=\"Apple-style-span\" style=\"color: rgb(51, 51, 51); font-family: Arial, Helvetica, sans-serif; line-height: 18px; text-align: left; \">Regulamento &ndash; Para participar, o cafeicultor deve escolher a categoria em que deseja concorrer e inscrever lotes de no m&iacute;nimo 10 sacas. Pequenos agricultores familiares podem competir com microlotes, de duas sacas.<\/span><br style=\"color: rgb(51, 51, 51); font-family: Arial, Helvetica, sans-serif; line-height: 18px; text-align: left; \" \/><br \/>\n<br style=\"color: rgb(51, 51, 51); font-family: Arial, Helvetica, sans-serif; line-height: 18px; text-align: left; \" \/><br \/>\n<span class=\"Apple-style-span\" style=\"color: rgb(51, 51, 51); font-family: Arial, Helvetica, sans-serif; line-height: 18px; text-align: left; \">O Concurso Caf&eacute; Qualidade Paran&aacute; 2011 envolveu as regi&otilde;es de Apucarana, Campo Mour&atilde;o, Cianorte, Corn&eacute;lio Proc&oacute;pio, Ivaipor&atilde;, Londrina, Maring&aacute;, Santo Antonio da Platina e Toledo. Todas elas realizaram concursos locais e enviaram o lote campe&atilde;o de cada categoria para competir no certame de &acirc;mbito estadual.&nbsp;<\/span><br style=\"color: rgb(51, 51, 51); font-family: Arial, Helvetica, sans-serif; line-height: 18px; text-align: left; \" \/><br \/>\n<br style=\"color: rgb(51, 51, 51); font-family: Arial, Helvetica, sans-serif; line-height: 18px; text-align: left; \" \/><br \/>\n<span class=\"Apple-style-span\" style=\"color: rgb(51, 51, 51); font-family: Arial, Helvetica, sans-serif; line-height: 18px; text-align: left; \">Finalizadas as seletivas regionais, uma comiss&atilde;o integrada por experientes provadores avalia os lotes nos quesitos do&ccedil;ura, acidez, corpo, sabor e balan&ccedil;o da bebida e seleciona quatro lotes em cada categoria, que ser&atilde;o conhecidos em Apucarana. O campe&atilde;o &eacute; encaminhado para representar o Paran&aacute; no Concurso Nacional de Qualidade do Caf&eacute;, promovido pela Associa&ccedil;&atilde;o da Ind&uacute;stria do Caf&eacute; (Abic).&nbsp;<\/span><br style=\"color: rgb(51, 51, 51); font-family: Arial, Helvetica, sans-serif; line-height: 18px; text-align: left; \" \/><br \/>\n<br style=\"color: rgb(51, 51, 51); font-family: Arial, Helvetica, sans-serif; line-height: 18px; text-align: left; \" \/><br \/>\n<span class=\"Apple-style-span\" style=\"color: rgb(51, 51, 51); font-family: Arial, Helvetica, sans-serif; line-height: 18px; text-align: left; \">Concorrentes &ndash; Em ordem alfab&eacute;tica, os finalistas na categoria cereja descascado s&atilde;o Alisson Francisco dos Santos (Grandes Rios); Carlos Roberto Massa (Apucarana); Irineu Sella (Rol&auml;ndia); Luiz Boranelli (Curi&uacute;va) e Shige Sera (Congonhinhas).&nbsp;<\/span><br style=\"color: rgb(51, 51, 51); font-family: Arial, Helvetica, sans-serif; line-height: 18px; text-align: left; \" \/><br \/>\n<br style=\"color: rgb(51, 51, 51); font-family: Arial, Helvetica, sans-serif; line-height: 18px; text-align: left; \" \/><br \/>\n<span class=\"Apple-style-span\" style=\"color: rgb(51, 51, 51); font-family: Arial, Helvetica, sans-serif; line-height: 18px; text-align: left; \">O pr&ecirc;mio de melhor caf&eacute; natural &eacute; disputado por Ad&atilde;o Santo Dar&eacute; (Grandes Rios); Ademir Rosseto (Mandaguari); Benedito L&aacute;zaro Penachi (Jesu&iacute;tas); Jos&eacute; Leonardi (Camb&eacute;); Jos&eacute; Pereira Batista (Carl&oacute;polis) e Nildo Kern (Apucarana).<\/span><br style=\"color: rgb(51, 51, 51); font-family: Arial, Helvetica, sans-serif; line-height: 18px; text-align: left; \" \/><br \/>\n<br style=\"color: rgb(51, 51, 51); font-family: Arial, Helvetica, sans-serif; line-height: 18px; text-align: left; \" \/><br \/>\n<span class=\"Apple-style-span\" style=\"color: rgb(51, 51, 51); font-family: Arial, Helvetica, sans-serif; line-height: 18px; text-align: left; \">Na disputa com microlotes classificaram-se Ailson Anelli (Corn&eacute;lio Proc&oacute;pio); Antonio Faustino de Oliveira Filho (Carl&oacute;polis); Jo&atilde;o Paulino Neto (Terra Boa); M&aacute;rio Alex dos Santos (Grandes Rios); Ol&iacute;via A. F. Silva (Mandaguari); Patrick R. de Souza (Apucarana); Reginaldo Ferrer Lopes (Londrina) e Sebast&atilde;o Afonso Oliveira (Jesu&iacute;tas). Nesta classe n&atilde;o h&aacute; distin&ccedil;&atilde;o entre os m&eacute;todos de preparo do gr&atilde;o para secagem &ndash; competem tanto produtores de caf&eacute; natural quanto de cereja descascado.<\/span><br style=\"color: rgb(51, 51, 51); font-family: Arial, Helvetica, sans-serif; line-height: 18px; text-align: left; \" \/><br \/>\n<br style=\"color: rgb(51, 51, 51); font-family: Arial, Helvetica, sans-serif; line-height: 18px; text-align: left; \" \/><br \/>\n<span class=\"Apple-style-span\" style=\"color: rgb(51, 51, 51); font-family: Arial, Helvetica, sans-serif; line-height: 18px; text-align: left; \">Integraram a comiss&atilde;o de julgamento os provadores: Fl&aacute;vio Meira Bor&eacute;m (Universidade Federal de Lavras-MG); Francisco Barbosa Lima (Minist&eacute;rio da Agricultura, Londrina-PR); Ge&oacute;rgia Franco de Souza (Lucca Caf&eacute;s Especiais, Curitiba-PR); Rog&eacute;rio Alves da Silva (Prefeitura de Ribeir&atilde;o Claro, PR); S&eacute;rgio Rodrigues (Piraju, SP) e Sidney Veiga (Caf&eacute; Igua&ccedil;u, Corn&eacute;lio Proc&oacute;pio-PR).<\/span><br style=\"color: rgb(51, 51, 51); font-family: Arial, Helvetica, sans-serif; line-height: 18px; text-align: left; \" \/><br \/>\n<br style=\"color: rgb(51, 51, 51); font-family: Arial, Helvetica, sans-serif; line-height: 18px; text-align: left; \" \/><br \/>\n<span class=\"Apple-style-span\" style=\"color: rgb(51, 51, 51); font-family: Arial, Helvetica, sans-serif; line-height: 18px; text-align: left; \">O concurso Caf&eacute; Qualidade Paran&aacute; &eacute; uma realiza&ccedil;&atilde;o da C&acirc;mara Setorial do Caf&eacute; do Paran&aacute;; Secretaria de Agricultura e Abastecimento (Seab), por meio das vinculadas Iapar e Emater-PR; Cons&oacute;rcio Brasileiro de Pesquisa e Desenvolvimento do Caf&eacute;; Minist&eacute;rio da Agricultura e Abic. Tamb&eacute;m conta com o apoio de cooperativas, ind&uacute;strias torrefadoras e empresas ligadas &agrave; cadeia produtiva da bebida.<\/span><br style=\"color: rgb(51, 51, 51); font-family: Arial, Helvetica, sans-serif; line-height: 18px; text-align: left; \" \/><br \/>\n<br style=\"color: rgb(51, 51, 51); font-family: Arial, Helvetica, sans-serif; line-height: 18px; text-align: left; \" \/><br \/>\n<span class=\"Apple-style-span\" style=\"color: rgb(51, 51, 51); font-family: Arial, Helvetica, sans-serif; line-height: 18px; text-align: left; \">Produ&ccedil;&atilde;o &ndash; H&aacute; cerca de 90 mil hectares plantados com caf&eacute; no Paran&aacute;. Desse total, cerca de 76 mil hectares s&atilde;o constitu&iacute;dos de lavouras em plena produ&ccedil;&atilde;o, sendo mais de 60% delas conduzidas no sistema adensado. A produ&ccedil;&atilde;o familiar &eacute; predominante: das 13 mil propriedades que se dedicam &agrave; cafeicultura, 85% t&ecirc;m menos de 50 hectares. Neste ano, o Estado deve colher em torno de 1,8 milh&atilde;o de sacas beneficiadas, com produtividade m&eacute;dia de 24 sacas por hectare.<\/span><br style=\"color: rgb(51, 51, 51); font-family: Arial, Helvetica, sans-serif; line-height: 18px; text-align: left; \" \/><br \/>\n<br style=\"color: rgb(51, 51, 51); font-family: Arial, Helvetica, sans-serif; line-height: 18px; text-align: left; \" \/><br \/>\n<span class=\"Apple-style-span\" style=\"color: rgb(51, 51, 51); font-family: Arial, Helvetica, sans-serif; line-height: 18px; text-align: left; \">Servi&ccedil;o<\/span><br style=\"color: rgb(51, 51, 51); font-family: Arial, Helvetica, sans-serif; line-height: 18px; text-align: left; \" \/><br \/>\n<br style=\"color: rgb(51, 51, 51); font-family: Arial, Helvetica, sans-serif; line-height: 18px; text-align: left; \" \/><br \/>\n<span class=\"Apple-style-span\" style=\"color: rgb(51, 51, 51); font-family: Arial, Helvetica, sans-serif; line-height: 18px; text-align: left; \">Final do Concurso Caf&eacute; Qualidade Paran&aacute; 2011<\/span><br style=\"color: rgb(51, 51, 51); font-family: Arial, Helvetica, sans-serif; line-height: 18px; text-align: left; \" \/><br \/>\n<br style=\"color: rgb(51, 51, 51); font-family: Arial, Helvetica, sans-serif; line-height: 18px; text-align: left; \" \/><br \/>\n<span class=\"Apple-style-span\" style=\"color: rgb(51, 51, 51); font-family: Arial, Helvetica, sans-serif; line-height: 18px; text-align: left; \">Local: Associa&ccedil;&atilde;o Cultural e Esportiva de Apucarana<\/span><br style=\"color: rgb(51, 51, 51); font-family: Arial, Helvetica, sans-serif; line-height: 18px; text-align: left; \" \/><br \/>\n<br style=\"color: rgb(51, 51, 51); font-family: Arial, Helvetica, sans-serif; line-height: 18px; text-align: left; \" \/><br \/>\n<span class=\"Apple-style-span\" style=\"color: rgb(51, 51, 51); font-family: Arial, Helvetica, sans-serif; line-height: 18px; text-align: left; \">Data: dia 4, sexta-feira<\/span><br style=\"color: rgb(51, 51, 51); font-family: Arial, Helvetica, sans-serif; line-height: 18px; text-align: left; \" \/><br \/>\n<br style=\"color: rgb(51, 51, 51); font-family: Arial, Helvetica, sans-serif; line-height: 18px; text-align: left; \" \/><br \/>\n<span class=\"Apple-style-span\" style=\"color: rgb(51, 51, 51); font-family: Arial, Helvetica, sans-serif; line-height: 18px; text-align: left; \">Hor&aacute;rio: a partir das 8h30.<\/p>\n<p>AEN<\/p>\n<p><br type=\"_moz\" \/><br \/>\n<\/span><\/p>\n","protected":false},"excerpt":{"rendered":"<p>A organiza\u00e7\u00e3o do Concurso Caf\u00e9 Qualidade Paran\u00e1 2011 divulga nesta sexta-feira (4) os vencedores da nona edi\u00e7\u00e3o do certame, evento que ter\u00e1 in\u00edcio \u00e0s 8h30, na Associa\u00e7\u00e3o Cultural e Esportiva de Apucarana, com participa\u00e7\u00e3o do secret\u00e1rio de agricultura e abastecimento Norberto Ortigara. Concorrem 19 finalistas, que superaram 300 concorrentes em seletivas regionais nas categorias caf\u00e9 natural e cereja descascado. Ind\u00fastrias torrefadoras e cafeterias buscam esses gr\u00e3os para produzir blends e s\u00e9ries de caf\u00e9s especiais<\/p>\n","protected":false},"author":1,"featured_media":27394,"comment_status":"open","ping_status":"open","sticky":false,"template":"","format":"standard","meta":{"footnotes":""},"categories":[1],"tags":[6396],"class_list":["post-27395","post","type-post","status-publish","format-standard","has-post-thumbnail","hentry","category-noticias-zeca-dirceu","tag-melhor-cafe-do-parana-sera-conhecido-sexta-feira-em-apucarana"],"_links":{"self":[{"href":"https:\/\/teste.bsb.br\/zeca\/wp-json\/wp\/v2\/posts\/27395","targetHints":{"allow":["GET"]}}],"collection":[{"href":"https:\/\/teste.bsb.br\/zeca\/wp-json\/wp\/v2\/posts"}],"about":[{"href":"https:\/\/teste.bsb.br\/zeca\/wp-json\/wp\/v2\/types\/post"}],"author":[{"embeddable":true,"href":"https:\/\/teste.bsb.br\/zeca\/wp-json\/wp\/v2\/users\/1"}],"replies":[{"embeddable":true,"href":"https:\/\/teste.bsb.br\/zeca\/wp-json\/wp\/v2\/comments?post=27395"}],"version-history":[{"count":0,"href":"https:\/\/teste.bsb.br\/zeca\/wp-json\/wp\/v2\/posts\/27395\/revisions"}],"wp:featuredmedia":[{"embeddable":true,"href":"https:\/\/teste.bsb.br\/zeca\/wp-json\/wp\/v2\/media\/27394"}],"wp:attachment":[{"href":"https:\/\/teste.bsb.br\/zeca\/wp-json\/wp\/v2\/media?parent=27395"}],"wp:term":[{"taxonomy":"category","embeddable":true,"href":"https:\/\/teste.bsb.br\/zeca\/wp-json\/wp\/v2\/categories?post=27395"},{"taxonomy":"post_tag","embeddable":true,"href":"https:\/\/teste.bsb.br\/zeca\/wp-json\/wp\/v2\/tags?post=27395"}],"curies":[{"name":"wp","href":"https:\/\/api.w.org\/{rel}","templated":true}]}}