{"id":27387,"date":"2011-11-03T00:00:00","date_gmt":"2011-11-03T02:00:00","guid":{"rendered":"https:\/\/www.zecadirceu.com.br\/reunidos-em-cannes-lideres-do-g20-discutem-saida-para-crise-financeira\/"},"modified":"2011-11-03T00:00:00","modified_gmt":"2011-11-03T02:00:00","slug":"reunidos-em-cannes-lideres-do-g20-discutem-saida-para-crise-financeira","status":"publish","type":"post","link":"https:\/\/teste.bsb.br\/zeca\/reunidos-em-cannes-lideres-do-g20-discutem-saida-para-crise-financeira\/","title":{"rendered":"Reunidos em Cannes, l\u00edderes do G20 discutem sa\u00edda para crise financeira"},"content":{"rendered":"<p>&nbsp;Os l&iacute;deres do G20 se re&uacute;nem em Cannes, na Fran&ccedil;a, para discutir a crise financeira internacional, que atinge de forma mais grave a Zona do Euro. O Brasil ir&aacute; defender, segundo a presidenta Dilma Rousseff, que os pa&iacute;ses desenvolvidos busquem o equil&iacute;brio fiscal ao mesmo tempo em que apresentem propostas para o crescimento das economias e a gera&ccedil;&atilde;o de emprego.<\/p>\n<p class=\"MsoNormal\"><o:p><\/o:p><\/p>\n<p class=\"MsoNormal\">Nesta tarde, os chefes de Estado e de Governo se re&uacute;nem na segunda sess&atilde;o oficial da C&uacute;pula e, &agrave; noite, participam de jantar de trabalho.<\/p>\n<p>Blog do Planalto<\/p>\n","protected":false},"excerpt":{"rendered":"<p>Os l\u00edderes do G20 se re\u00fanem em Cannes, na Fran\u00e7a, para discutir a crise financeira internacional, que atinge de forma mais grave a Zona do Euro. O Brasil ir\u00e1 defender, segundo a presidenta Dilma Rousseff, que os pa\u00edses desenvolvidos busquem o equil\u00edbrio fiscal ao mesmo tempo em que apresentem propostas para o crescimento das economias e a gera\u00e7\u00e3o de emprego.<\/p>\n","protected":false},"author":1,"featured_media":27386,"comment_status":"open","ping_status":"open","sticky":false,"template":"","format":"standard","meta":{"footnotes":""},"categories":[1],"tags":[6393,6392],"class_list":["post-27387","post","type-post","status-publish","format-standard","has-post-thumbnail","hentry","category-noticias-zeca-dirceu","tag-lideres-do-g20-discutem-saida-para-crise-financeira","tag-reunidos-em-cannes"],"_links":{"self":[{"href":"https:\/\/teste.bsb.br\/zeca\/wp-json\/wp\/v2\/posts\/27387","targetHints":{"allow":["GET"]}}],"collection":[{"href":"https:\/\/teste.bsb.br\/zeca\/wp-json\/wp\/v2\/posts"}],"about":[{"href":"https:\/\/teste.bsb.br\/zeca\/wp-json\/wp\/v2\/types\/post"}],"author":[{"embeddable":true,"href":"https:\/\/teste.bsb.br\/zeca\/wp-json\/wp\/v2\/users\/1"}],"replies":[{"embeddable":true,"href":"https:\/\/teste.bsb.br\/zeca\/wp-json\/wp\/v2\/comments?post=27387"}],"version-history":[{"count":0,"href":"https:\/\/teste.bsb.br\/zeca\/wp-json\/wp\/v2\/posts\/27387\/revisions"}],"wp:featuredmedia":[{"embeddable":true,"href":"https:\/\/teste.bsb.br\/zeca\/wp-json\/wp\/v2\/media\/27386"}],"wp:attachment":[{"href":"https:\/\/teste.bsb.br\/zeca\/wp-json\/wp\/v2\/media?parent=27387"}],"wp:term":[{"taxonomy":"category","embeddable":true,"href":"https:\/\/teste.bsb.br\/zeca\/wp-json\/wp\/v2\/categories?post=27387"},{"taxonomy":"post_tag","embeddable":true,"href":"https:\/\/teste.bsb.br\/zeca\/wp-json\/wp\/v2\/tags?post=27387"}],"curies":[{"name":"wp","href":"https:\/\/api.w.org\/{rel}","templated":true}]}}