{"id":27379,"date":"2011-11-03T00:00:00","date_gmt":"2011-11-03T02:00:00","guid":{"rendered":"https:\/\/www.zecadirceu.com.br\/alem-do-reajuste-de-ate-500-detran-vai-cobrar-novas-taxas\/"},"modified":"2011-11-03T00:00:00","modified_gmt":"2011-11-03T02:00:00","slug":"alem-do-reajuste-de-ate-500-detran-vai-cobrar-novas-taxas","status":"publish","type":"post","link":"https:\/\/teste.bsb.br\/zeca\/alem-do-reajuste-de-ate-500-detran-vai-cobrar-novas-taxas\/","title":{"rendered":"Al\u00e9m do reajuste de at\u00e9 500%, Detran vai cobrar novas taxas"},"content":{"rendered":"<p>&nbsp;<span class=\"Apple-style-span\" style=\"color: rgb(44, 44, 44); font-family: 'Trebuchet MS', sans-serif; font-size: 14px; line-height: 20px; \">O projeto de lei do governador Beto Richa (PSDB) que aumenta as taxas do Departamento Estadual de Tr&acirc;nsito do Paran&aacute; (Detran), enviado na segunda-feira &agrave; Assembleia Legislativa, tamb&eacute;m cria 20 novas tarifas a serem cobradas dos motoristas e donos de ve&iacute;culos a partir de 2012. Na pr&aacute;tica, por&eacute;m, o paranaense ter&aacute; mais seis taxas do Detran, j&aacute; que a proposta prev&ecirc; a extin&ccedil;&atilde;o de 14. Com isso, o departamento passar&aacute; a ter 82 taxas. O governo alega que a cria&ccedil;&atilde;o e extin&ccedil;&atilde;o de tarifas &eacute; uma forma de adequar os servi&ccedil;os prestados pelo Detran do Paran&aacute; ao C&oacute;digo Nacional de Tr&acirc;nsito.<\/span><br style=\"padding-top: 0px; padding-right: 0px; padding-bottom: 0px; padding-left: 0px; margin-top: 0px; margin-right: 0px; margin-bottom: 0px; margin-left: 0px; color: rgb(44, 44, 44); font-family: 'Trebuchet MS', sans-serif; font-size: 14px; line-height: 20px; \" \/><br \/>\n<br style=\"padding-top: 0px; padding-right: 0px; padding-bottom: 0px; padding-left: 0px; margin-top: 0px; margin-right: 0px; margin-bottom: 0px; margin-left: 0px; color: rgb(44, 44, 44); font-family: 'Trebuchet MS', sans-serif; font-size: 14px; line-height: 20px; \" \/><br \/>\n<span class=\"Apple-style-span\" style=\"color: rgb(44, 44, 44); font-family: 'Trebuchet MS', sans-serif; font-size: 14px; line-height: 20px; \">A Gazeta do Povo tamb&eacute;m apurou que o projeto de lei prev&ecirc; reajuste de at&eacute; 500% em algumas taxas. Ontem, a Gazeta do Povo havia divulgado, com base em um levantamento preliminar, que a proposta aumentaria as taxas em at&eacute; 183%. A reportagem teve acesso apenas nesta ter&ccedil;a-feira &agrave; planilha completa dos pre&ccedil;os das taxas do Detran neste ano e &agrave; &iacute;ntegra dos valores propostos de reajuste para 2012 (veja tabela). Na m&eacute;dia, o aumento das taxas ser&aacute; de 50%.<\/span><br style=\"padding-top: 0px; padding-right: 0px; padding-bottom: 0px; padding-left: 0px; margin-top: 0px; margin-right: 0px; margin-bottom: 0px; margin-left: 0px; color: rgb(44, 44, 44); font-family: 'Trebuchet MS', sans-serif; font-size: 14px; line-height: 20px; \" \/><br \/>\n<br style=\"padding-top: 0px; padding-right: 0px; padding-bottom: 0px; padding-left: 0px; margin-top: 0px; margin-right: 0px; margin-bottom: 0px; margin-left: 0px; color: rgb(44, 44, 44); font-family: 'Trebuchet MS', sans-serif; font-size: 14px; line-height: 20px; \" \/><br \/>\n<span class=\"Apple-style-span\" style=\"color: rgb(44, 44, 44); font-family: 'Trebuchet MS', sans-serif; font-size: 14px; line-height: 20px; \">O maior reajuste ser&aacute; na taxa de Autoriza&ccedil;&atilde;o Pr&eacute;via para Confec&ccedil;&atilde;o de Placas, quando a placa de um ve&iacute;culo &eacute; roubada e o motorista solicita uma nova. A taxa, que hoje &eacute; de R$ 10,82, vai para R$ 64,92 &ndash; varia&ccedil;&atilde;o de 500%. O mesmo &iacute;ndice e valores ser&atilde;o aplicados para instala&ccedil;&atilde;o do lacre na placa. Outro servi&ccedil;o que vai sair caro para o mo&shy;&shy;&shy;torista paranaense ser&aacute; o de alterar dados no cadastro do Detran. Hoje o custo &eacute; de R$ 15,49, mas pela nova proposta o valor ser&aacute; de R$ 85,19 &ndash; aumento de 450%.<\/span><br style=\"padding-top: 0px; padding-right: 0px; padding-bottom: 0px; padding-left: 0px; margin-top: 0px; margin-right: 0px; margin-bottom: 0px; margin-left: 0px; color: rgb(44, 44, 44); font-family: 'Trebuchet MS', sans-serif; font-size: 14px; line-height: 20px; \" \/><br \/>\n<br style=\"padding-top: 0px; padding-right: 0px; padding-bottom: 0px; padding-left: 0px; margin-top: 0px; margin-right: 0px; margin-bottom: 0px; margin-left: 0px; color: rgb(44, 44, 44); font-family: 'Trebuchet MS', sans-serif; font-size: 14px; line-height: 20px; \" \/><br \/>\n<span class=\"Apple-style-span\" style=\"color: rgb(44, 44, 44); font-family: 'Trebuchet MS', sans-serif; font-size: 14px; line-height: 20px; \">Um dos servi&ccedil;os mais procurados pelo cidad&atilde;o &ndash; o curso de reciclagem de motoristas &ndash; vai subir 267% &ndash; dos atuais R$ 65,24 para R$ 239,40.<\/span><br style=\"padding-top: 0px; padding-right: 0px; padding-bottom: 0px; padding-left: 0px; margin-top: 0px; margin-right: 0px; margin-bottom: 0px; margin-left: 0px; color: rgb(44, 44, 44); font-family: 'Trebuchet MS', sans-serif; font-size: 14px; line-height: 20px; \" \/><br \/>\n<br style=\"padding-top: 0px; padding-right: 0px; padding-bottom: 0px; padding-left: 0px; margin-top: 0px; margin-right: 0px; margin-bottom: 0px; margin-left: 0px; color: rgb(44, 44, 44); font-family: 'Trebuchet MS', sans-serif; font-size: 14px; line-height: 20px; \" \/><br \/>\n<span class=\"Apple-style-span\" style=\"color: rgb(44, 44, 44); font-family: 'Trebuchet MS', sans-serif; font-size: 14px; line-height: 20px; \">Apenas duas tarifas devem ser reduzidas: a do Curso de Atualiza&shy;&shy;&shy;&ccedil;&atilde;o para Profissionais Habilitados em Cursos Especializados (que cai de R$ 418,52 para R$ 124,25 &ndash; ou 70%); e a Per&iacute;cia Tecnica e M&eacute;dica Especial, com queda de 19%, de R$ 92,97 para R$ 75,00.<\/span><br style=\"padding-top: 0px; padding-right: 0px; padding-bottom: 0px; padding-left: 0px; margin-top: 0px; margin-right: 0px; margin-bottom: 0px; margin-left: 0px; color: rgb(44, 44, 44); font-family: 'Trebuchet MS', sans-serif; font-size: 14px; line-height: 20px; \" \/><br \/>\n<br style=\"padding-top: 0px; padding-right: 0px; padding-bottom: 0px; padding-left: 0px; margin-top: 0px; margin-right: 0px; margin-bottom: 0px; margin-left: 0px; color: rgb(44, 44, 44); font-family: 'Trebuchet MS', sans-serif; font-size: 14px; line-height: 20px; \" \/><br \/>\n<span class=\"Apple-style-span\" style=\"color: rgb(44, 44, 44); font-family: 'Trebuchet MS', sans-serif; font-size: 14px; line-height: 20px; \">Rea&ccedil;&atilde;o na Assembleia &#8211;&nbsp;Deputados governistas e de oposi&ccedil;&atilde;o reconhecem que o aumento de taxas &eacute; pol&ecirc;mico e antipopular. Por isso, a inten&ccedil;&atilde;o da base de Ri&shy;&shy;&shy;cha seria a de abreviar as discuss&otilde;es nas comiss&otilde;es da Assembleia e evitar desgaste pol&iacute;tico. Uma es&shy;&shy;&shy;trat&eacute;gia que os governistas estariam cogitando seria transformar a sess&atilde;o plen&aacute;ria da Casa da pr&oacute;xima ter&ccedil;a-feira em comiss&atilde;o geral &ndash; quando os projetos n&atilde;o precisam passar pelas demais comiss&otilde;es para serem votados no plen&aacute;rio. Para isso, s&atilde;o necess&aacute;rias as assinaturas de 18 dos 54 deputados.<\/span><br style=\"padding-top: 0px; padding-right: 0px; padding-bottom: 0px; padding-left: 0px; margin-top: 0px; margin-right: 0px; margin-bottom: 0px; margin-left: 0px; color: rgb(44, 44, 44); font-family: 'Trebuchet MS', sans-serif; font-size: 14px; line-height: 20px; \" \/><br \/>\n<br style=\"padding-top: 0px; padding-right: 0px; padding-bottom: 0px; padding-left: 0px; margin-top: 0px; margin-right: 0px; margin-bottom: 0px; margin-left: 0px; color: rgb(44, 44, 44); font-family: 'Trebuchet MS', sans-serif; font-size: 14px; line-height: 20px; \" \/><br \/>\n<span class=\"Apple-style-span\" style=\"color: rgb(44, 44, 44); font-family: 'Trebuchet MS', sans-serif; font-size: 14px; line-height: 20px; \">O projeto provocou pol&ecirc;mica entre as bancadas de governo e oposi&ccedil;&atilde;o na sess&atilde;o de ontem. O deputado Tadeu Veneri (PT) classificou como surpreendente o fato de os parlamentares da base de Richa, que sempre criticaram ajustes semelhantes ao longo dos oito anos da gest&atilde;o de Roberto Requi&atilde;o (PMDB), tentarem justificar o aumento atual. &ldquo;As mesmas cr&iacute;ticas dos &uacute;ltimos anos hoje s&atilde;o relativizadas. Se aquilo era considerado por eles um assalto aos cofres p&uacute;blicos, o que dizer agora?&rdquo;, questionou Veneri.<\/span><br style=\"padding-top: 0px; padding-right: 0px; padding-bottom: 0px; padding-left: 0px; margin-top: 0px; margin-right: 0px; margin-bottom: 0px; margin-left: 0px; color: rgb(44, 44, 44); font-family: 'Trebuchet MS', sans-serif; font-size: 14px; line-height: 20px; \" \/><br \/>\n<br style=\"padding-top: 0px; padding-right: 0px; padding-bottom: 0px; padding-left: 0px; margin-top: 0px; margin-right: 0px; margin-bottom: 0px; margin-left: 0px; color: rgb(44, 44, 44); font-family: 'Trebuchet MS', sans-serif; font-size: 14px; line-height: 20px; \" \/><br \/>\n<span class=\"Apple-style-span\" style=\"color: rgb(44, 44, 44); font-family: 'Trebuchet MS', sans-serif; font-size: 14px; line-height: 20px; \">Coube ao l&iacute;der do governo, Ademar Traiano (PSDB), fazer a defesa do projeto. O tucano afirmou que os porcentuais previstos no projeto n&atilde;o s&atilde;o aumentos, mas a recomposi&ccedil;&atilde;o dos valores, que ficaram sem corre&ccedil;&atilde;o nos &uacute;ltimos anos. De acordo com Traiano, a pressa na aprova&ccedil;&atilde;o da mat&eacute;ria se deve &agrave; urg&ecirc;ncia por investimentos na seguran&ccedil;a, que receber&aacute; 80% da arrecada&ccedil;&atilde;o obtida com os reajustes das taxas. &ldquo;A popula&ccedil;&atilde;o cobra programas e a&ccedil;&otilde;es r&aacute;pidos do governo nessa &aacute;rea. Por isso &eacute; preciso agilizar a tramita&ccedil;&atilde;o da mat&eacute;ria.&rdquo;<\/span><br style=\"padding-top: 0px; padding-right: 0px; padding-bottom: 0px; padding-left: 0px; margin-top: 0px; margin-right: 0px; margin-bottom: 0px; margin-left: 0px; color: rgb(44, 44, 44); font-family: 'Trebuchet MS', sans-serif; font-size: 14px; line-height: 20px; \" \/><br \/>\n<br style=\"padding-top: 0px; padding-right: 0px; padding-bottom: 0px; padding-left: 0px; margin-top: 0px; margin-right: 0px; margin-bottom: 0px; margin-left: 0px; color: rgb(44, 44, 44); font-family: 'Trebuchet MS', sans-serif; font-size: 14px; line-height: 20px; \" \/><br \/>\n<a href=\"http:\/\/www.gazetadopovo.com.br\/vidapublica\/conteudo.phtml?tl=1&amp;id=1187606&amp;tit=Alem-do-reajuste-de-ate-500-Detran-vai-cobrar-novas-taxas\" style=\"padding-top: 0px; padding-right: 0px; padding-bottom: 0px; padding-left: 0px; margin-top: 0px; margin-right: 0px; margin-bottom: 0px; margin-left: 0px; font: normal normal normal 14px\/14px 'Trebuchet MS', sans-serif; color: rgb(44, 44, 44); font-family: 'Trebuchet MS', sans-serif; font-size: 14px; \"><small style=\"padding-top: 0px; padding-right: 0px; padding-bottom: 0px; padding-left: 0px; margin-top: 0px; margin-right: 0px; margin-bottom: 0px; margin-left: 0px; \">Gazeta do Povo\/Karlos Kohlbach e Euclides Garcia<\/small><\/a><\/p>\n","protected":false},"excerpt":{"rendered":"<p>O projeto de lei do governador Beto Richa (PSDB) que aumenta as taxas do Departamento Estadual de Tr\u00e2nsito do Paran\u00e1 (Detran), enviado na segunda-feira \u00e0 Assembleia Legislativa, tamb\u00e9m cria 20 novas tarifas a serem cobradas dos motoristas e donos de ve\u00edculos a partir de 2012. Na pr\u00e1tica, por\u00e9m, o paranaense ter\u00e1 mais seis taxas do Detran, j\u00e1 que a proposta prev\u00ea a extin\u00e7\u00e3o de 14. Com isso, o departamento passar\u00e1 a ter 82 taxas.<\/p>\n","protected":false},"author":1,"featured_media":27378,"comment_status":"open","ping_status":"open","sticky":false,"template":"","format":"standard","meta":{"footnotes":""},"categories":[1],"tags":[6388,6389],"class_list":["post-27379","post","type-post","status-publish","format-standard","has-post-thumbnail","hentry","category-noticias-zeca-dirceu","tag-alem-do-reajuste-de-ate-500","tag-detran-vai-cobrar-novas-taxas"],"_links":{"self":[{"href":"https:\/\/teste.bsb.br\/zeca\/wp-json\/wp\/v2\/posts\/27379","targetHints":{"allow":["GET"]}}],"collection":[{"href":"https:\/\/teste.bsb.br\/zeca\/wp-json\/wp\/v2\/posts"}],"about":[{"href":"https:\/\/teste.bsb.br\/zeca\/wp-json\/wp\/v2\/types\/post"}],"author":[{"embeddable":true,"href":"https:\/\/teste.bsb.br\/zeca\/wp-json\/wp\/v2\/users\/1"}],"replies":[{"embeddable":true,"href":"https:\/\/teste.bsb.br\/zeca\/wp-json\/wp\/v2\/comments?post=27379"}],"version-history":[{"count":0,"href":"https:\/\/teste.bsb.br\/zeca\/wp-json\/wp\/v2\/posts\/27379\/revisions"}],"wp:featuredmedia":[{"embeddable":true,"href":"https:\/\/teste.bsb.br\/zeca\/wp-json\/wp\/v2\/media\/27378"}],"wp:attachment":[{"href":"https:\/\/teste.bsb.br\/zeca\/wp-json\/wp\/v2\/media?parent=27379"}],"wp:term":[{"taxonomy":"category","embeddable":true,"href":"https:\/\/teste.bsb.br\/zeca\/wp-json\/wp\/v2\/categories?post=27379"},{"taxonomy":"post_tag","embeddable":true,"href":"https:\/\/teste.bsb.br\/zeca\/wp-json\/wp\/v2\/tags?post=27379"}],"curies":[{"name":"wp","href":"https:\/\/api.w.org\/{rel}","templated":true}]}}