{"id":27373,"date":"2011-11-03T00:00:00","date_gmt":"2011-11-03T02:00:00","guid":{"rendered":"https:\/\/www.zecadirceu.com.br\/oposicao-vai-tentar-barrar-tarifaco-do-governo-beto-richa\/"},"modified":"2011-11-03T00:00:00","modified_gmt":"2011-11-03T02:00:00","slug":"oposicao-vai-tentar-barrar-tarifaco-do-governo-beto-richa","status":"publish","type":"post","link":"https:\/\/teste.bsb.br\/zeca\/oposicao-vai-tentar-barrar-tarifaco-do-governo-beto-richa\/","title":{"rendered":"Oposi\u00e7\u00e3o vai tentar barrar \u201ctarifa\u00e7o\u201d do governo Beto Richa"},"content":{"rendered":"<p><span id=\"Conteudo_TituloNoticia\" class=\"titulo_conteudo trebuchet24vermelha\" style=\"padding-top: 0px; padding-right: 0px; padding-bottom: 0px; padding-left: 0px; margin-top: 4px; margin-right: 0px; margin-bottom: 4px; margin-left: 0px; font: normal normal normal 24px\/28px 'Trebuchet MS', sans-serif; color: rgb(210, 55, 67); text-decoration: none; display: block; font-weight: bold; \"><span class=\"Apple-style-span\" style=\"color: rgb(44, 44, 44); font-family: Arial, sans-serif; font-size: 14px; font-weight: normal; line-height: 20px; \">O deputado estadual e presidente do PT Paran&aacute;, Enio Verri, disse nesta quinta-feira, 3, que a bancada de oposi&ccedil;&atilde;o na Assembleia Legislativa (Alep) vai se mobilizar para barrar o &quot;tarifa&ccedil;o&quot; proposto pelo governador Beto Richa (PSDB) nas taxas dos servi&ccedil;os do Departamento Estadual de Tr&acirc;nsito (Detran) a partir do pr&oacute;ximo ano.<\/span><span class=\"Apple-style-span\" style=\"color: rgb(44, 44, 44); font-family: Arial, sans-serif; font-size: 14px; font-weight: normal; line-height: 20px; \">&nbsp;<\/span><\/span><span id=\"Conteudo_ConteudoNoticia\" class=\"descricao_conteudo trebuchet14preta\" style=\"padding-top: 0px; padding-right: 0px; padding-bottom: 0px; padding-left: 0px; margin-top: 0px; margin-right: 0px; margin-bottom: 0px; margin-left: 0px; font: normal normal normal 14px\/14px 'Trebuchet MS', sans-serif; color: rgb(44, 44, 44); text-decoration: none; line-height: 20px; \"><br style=\"padding-top: 0px; padding-right: 0px; padding-bottom: 0px; padding-left: 0px; margin-top: 0px; margin-right: 0px; margin-bottom: 0px; margin-left: 0px; \" \/><br \/>\n<span class=\"Apple-style-span\" style=\"padding-top: 0px; padding-right: 0px; padding-bottom: 0px; padding-left: 0px; margin-top: 0px; margin-right: 0px; margin-bottom: 0px; margin-left: 0px; font-family: Arial, sans-serif; \">A<\/span><span style=\"padding-top: 0px; padding-right: 0px; padding-bottom: 0px; padding-left: 0px; margin-top: 0px; margin-right: 0px; margin-bottom: 0px; margin-left: 0px; font-family: Arial, sans-serif; \">&nbsp;proposta do governo prev&ecirc; reajuste de at&eacute; 500% em algumas tarifas, al&eacute;m de criar 20 novas taxas e extinguir 14, um saldo de seis novas tarifas para os contribuintes paranaenses.&nbsp;<o:p style=\"padding-top: 0px; padding-right: 0px; padding-bottom: 0px; padding-left: 0px; margin-top: 0px; margin-right: 0px; margin-bottom: 0px; margin-left: 0px; \"><\/o:p><\/span><br style=\"padding-top: 0px; padding-right: 0px; padding-bottom: 0px; padding-left: 0px; margin-top: 0px; margin-right: 0px; margin-bottom: 0px; margin-left: 0px; \" \/><br \/>\n<br style=\"padding-top: 0px; padding-right: 0px; padding-bottom: 0px; padding-left: 0px; margin-top: 0px; margin-right: 0px; margin-bottom: 0px; margin-left: 0px; \" \/><\/p>\n<p class=\"MsoNormal\" style=\"padding-top: 0px; padding-right: 0px; padding-bottom: 0px; padding-left: 0px; margin-top: 0px; margin-right: 0px; margin-bottom: 0px; margin-left: 0px; \"><span style=\"padding-top: 0px; padding-right: 0px; padding-bottom: 0px; padding-left: 0px; margin-top: 0px; margin-right: 0px; margin-bottom: 0px; margin-left: 0px; font-family: Arial, sans-serif; \">De acordo com o deputado, o reajuste &eacute; abusivo e ir&aacute; prejudicar toda a popula&ccedil;&atilde;o paranaense. Verri afirma que o aumento dos pre&ccedil;os s&atilde;o injustific&aacute;veis, lembrando que h&aacute; previs&atilde;o de aumento na arrecada&ccedil;&atilde;o do estado.<o:p style=\"padding-top: 0px; padding-right: 0px; padding-bottom: 0px; padding-left: 0px; margin-top: 0px; margin-right: 0px; margin-bottom: 0px; margin-left: 0px; \"><\/o:p><\/span><br style=\"padding-top: 0px; padding-right: 0px; padding-bottom: 0px; padding-left: 0px; margin-top: 0px; margin-right: 0px; margin-bottom: 0px; margin-left: 0px; \" \/><br \/>\n&nbsp;<\/p>\n<p class=\"MsoNormal\" style=\"padding-top: 0px; padding-right: 0px; padding-bottom: 0px; padding-left: 0px; margin-top: 0px; margin-right: 0px; margin-bottom: 0px; margin-left: 0px; \"><span style=\"padding-top: 0px; padding-right: 0px; padding-bottom: 0px; padding-left: 0px; margin-top: 0px; margin-right: 0px; margin-bottom: 0px; margin-left: 0px; font-family: Arial, sans-serif; \">&ldquo;De maneira alguma iremos concordar com o aumento de at&eacute; 500% nas tarifas do Detran. Esta proposta &eacute; absurda, injustific&aacute;vel, est&aacute; totalmente distorcida da realidade. A popula&ccedil;&atilde;o do Paran&aacute; n&atilde;o concorda e n&atilde;o merece uma medida como esta. Vamos trabalhar para derrotar o projeto&rdquo;, disse.<o:p style=\"padding-top: 0px; padding-right: 0px; padding-bottom: 0px; padding-left: 0px; margin-top: 0px; margin-right: 0px; margin-bottom: 0px; margin-left: 0px; \"><\/o:p><\/span><br style=\"padding-top: 0px; padding-right: 0px; padding-bottom: 0px; padding-left: 0px; margin-top: 0px; margin-right: 0px; margin-bottom: 0px; margin-left: 0px; \" \/><br \/>\n&nbsp;<\/p>\n<p class=\"MsoNormal\" style=\"padding-top: 0px; padding-right: 0px; padding-bottom: 0px; padding-left: 0px; margin-top: 0px; margin-right: 0px; margin-bottom: 0px; margin-left: 0px; \"><span style=\"padding-top: 0px; padding-right: 0px; padding-bottom: 0px; padding-left: 0px; margin-top: 0px; margin-right: 0px; margin-bottom: 0px; margin-left: 0px; font-family: Arial, sans-serif; \">O l&iacute;der da oposi&ccedil;&atilde;o disse que os parlamentares que votarem a favor dos aumentos das tarifas estar&atilde;o expostos &agrave;s cr&iacute;ticas da popula&ccedil;&atilde;o. Verri afirmou ainda que ir&aacute; cobrar coer&ecirc;ncia dos deputados da base do governo. &nbsp;<o:p style=\"padding-top: 0px; padding-right: 0px; padding-bottom: 0px; padding-left: 0px; margin-top: 0px; margin-right: 0px; margin-bottom: 0px; margin-left: 0px; \"><\/o:p><\/span><br style=\"padding-top: 0px; padding-right: 0px; padding-bottom: 0px; padding-left: 0px; margin-top: 0px; margin-right: 0px; margin-bottom: 0px; margin-left: 0px; \" \/><br \/>\n&nbsp;<\/p>\n<p class=\"MsoNormal\" style=\"padding-top: 0px; padding-right: 0px; padding-bottom: 0px; padding-left: 0px; margin-top: 0px; margin-right: 0px; margin-bottom: 0px; margin-left: 0px; \"><span style=\"padding-top: 0px; padding-right: 0px; padding-bottom: 0px; padding-left: 0px; margin-top: 0px; margin-right: 0px; margin-bottom: 0px; margin-left: 0px; font-family: Arial, sans-serif; \">&ldquo;Em 2007, o governador Requi&atilde;o enviou &agrave; Alep um projeto de reajuste das tarifas do Detran bem menor do que est&aacute; sendo proposto hoje. Na &eacute;poca, os deputados que atualmente est&atilde;o na base do governo disseram que aquilo era um roubo do dinheiro do povo. Se eles consideravam aquilo um assalto, como v&atilde;o explicar o aumento de at&eacute; 500% do governador Beto Richa?&rdquo;, criticou.<\/span><br style=\"padding-top: 0px; padding-right: 0px; padding-bottom: 0px; padding-left: 0px; margin-top: 0px; margin-right: 0px; margin-bottom: 0px; margin-left: 0px; \" \/><br \/>\n&nbsp;<\/p>\n<p class=\"MsoNormal\" style=\"padding-top: 0px; padding-right: 0px; padding-bottom: 0px; padding-left: 0px; margin-top: 0px; margin-right: 0px; margin-bottom: 0px; margin-left: 0px; \">Veja tabela publicada no jornal&nbsp;<a href=\"http:\/\/www.gazetadopovo.com.br\/vidapublica\/conteudo.phtml?tl=1&amp;id=1187606&amp;tit=Alem-do-reajuste-de-ate-500-Detran-vai-cobrar-novas-taxas\" style=\"padding-top: 0px; padding-right: 0px; padding-bottom: 0px; padding-left: 0px; margin-top: 0px; margin-right: 0px; margin-bottom: 0px; margin-left: 0px; font: normal normal normal 14px\/14px 'Trebuchet MS', sans-serif; color: rgb(44, 44, 44); text-decoration: none; \"><b style=\"padding-top: 0px; padding-right: 0px; padding-bottom: 0px; padding-left: 0px; margin-top: 0px; margin-right: 0px; margin-bottom: 0px; margin-left: 0px; \">Gazeta do Povo<\/b><\/a>&nbsp;com os valores atuais e as propostas de aumento feito pelo governo Richa.<\/p>\n<p>Assessoria Deputado Estadual Enio Verri<br \/>\n&nbsp;<\/p>\n<p><\/span><\/p>\n","protected":false},"excerpt":{"rendered":"<p>O deputado estadual e presidente do PT Paran\u00e1, Enio Verri, disse nesta quinta-feira, 3, que a bancada de oposi\u00e7\u00e3o na Assembleia Legislativa (Alep) vai se mobilizar para barrar o &#8220;tarifa\u00e7o&#8221; proposto pelo governador Beto Richa (PSDB) nas taxas dos servi\u00e7os do Departamento Estadual de Tr\u00e2nsito (Detran) a partir do pr\u00f3ximo ano.<br \/>\nA proposta do governo prev\u00ea reajuste de at\u00e9 500% em algumas tarifas, al\u00e9m de criar 20 novas taxas e extinguir 14, um saldo de seis novas tarifas para os contribuintes paranaenses.<br \/>\nDe acordo com o deputado, o reajuste \u00e9 abusivo e ir\u00e1 prejudicar toda a popula\u00e7\u00e3o paranaense. Verri afirma que o aumento dos pre\u00e7os s\u00e3o injustific\u00e1veis, lembrando que h\u00e1 previs\u00e3o de aumento na arrecada\u00e7\u00e3o do estado.<\/p>\n<p>Veja tabela publicada no jornal Gazeta do Povo com os valores atuais e as propostas de aumento feito pelo governo Richa.<\/p>\n","protected":false},"author":1,"featured_media":27372,"comment_status":"open","ping_status":"open","sticky":false,"template":"","format":"standard","meta":{"footnotes":""},"categories":[1],"tags":[6385],"class_list":["post-27373","post","type-post","status-publish","format-standard","has-post-thumbnail","hentry","category-noticias-zeca-dirceu","tag-oposicao-vai-tentar-barrar-tarifaco-do-governo-beto-richa"],"_links":{"self":[{"href":"https:\/\/teste.bsb.br\/zeca\/wp-json\/wp\/v2\/posts\/27373","targetHints":{"allow":["GET"]}}],"collection":[{"href":"https:\/\/teste.bsb.br\/zeca\/wp-json\/wp\/v2\/posts"}],"about":[{"href":"https:\/\/teste.bsb.br\/zeca\/wp-json\/wp\/v2\/types\/post"}],"author":[{"embeddable":true,"href":"https:\/\/teste.bsb.br\/zeca\/wp-json\/wp\/v2\/users\/1"}],"replies":[{"embeddable":true,"href":"https:\/\/teste.bsb.br\/zeca\/wp-json\/wp\/v2\/comments?post=27373"}],"version-history":[{"count":0,"href":"https:\/\/teste.bsb.br\/zeca\/wp-json\/wp\/v2\/posts\/27373\/revisions"}],"wp:featuredmedia":[{"embeddable":true,"href":"https:\/\/teste.bsb.br\/zeca\/wp-json\/wp\/v2\/media\/27372"}],"wp:attachment":[{"href":"https:\/\/teste.bsb.br\/zeca\/wp-json\/wp\/v2\/media?parent=27373"}],"wp:term":[{"taxonomy":"category","embeddable":true,"href":"https:\/\/teste.bsb.br\/zeca\/wp-json\/wp\/v2\/categories?post=27373"},{"taxonomy":"post_tag","embeddable":true,"href":"https:\/\/teste.bsb.br\/zeca\/wp-json\/wp\/v2\/tags?post=27373"}],"curies":[{"name":"wp","href":"https:\/\/api.w.org\/{rel}","templated":true}]}}