{"id":27367,"date":"2011-11-04T00:00:00","date_gmt":"2011-11-04T02:00:00","guid":{"rendered":"https:\/\/www.zecadirceu.com.br\/pec-544-2002-criara-novos-tribunais-federais-regionais-no-brasil\/"},"modified":"2011-11-04T00:00:00","modified_gmt":"2011-11-04T02:00:00","slug":"pec-544-2002-criara-novos-tribunais-federais-regionais-no-brasil","status":"publish","type":"post","link":"https:\/\/teste.bsb.br\/zeca\/pec-544-2002-criara-novos-tribunais-federais-regionais-no-brasil\/","title":{"rendered":"PEC 544\/2002 criar\u00e1 novos Tribunais Federais Regionais no Brasil"},"content":{"rendered":"<p>&nbsp;Tramita na C&acirc;mara dos Deputados a proposta de emenda constitucional de n&uacute;mero 544\/2002. O texto trata da cria&ccedil;&atilde;o dos Tribunais Regionais Federais em Curitiba (PR), Belo Horizonte (MG), Salvador (BA) e Manaus (AM). O vice-l&iacute;der na C&acirc;mara Federal Zeca Dirceu, &eacute; um dos organizadores do ato que ir&aacute; acontecer no dia 22 de novembro, em Bras&iacute;lia, que firma a proposta.<\/p>\n<p class=\"MsoNormal\">Segundo Zeca Dirceu a organiza&ccedil;&atilde;o e cria&ccedil;&atilde;o do ato j&aacute; t&ecirc;m o apoio de centenas de deputados federais e senadores. &ldquo;Todos defendem uma proximidade da popula&ccedil;&atilde;o, dos advogados e o poder judici&aacute;rio com as tomadas de decis&otilde;es, que hoje se limitam, em apenas, cinco capitais brasileiras&rdquo;, explicou o parlamentar.<\/p>\n<p class=\"MsoNormal\">O distanciamento e o volume de tramites ser&atilde;o levados em considera&ccedil;&atilde;o para que os estados recebam os Tribunais. Com a PEC 544 \/2002 os estados Paran&aacute;, Minas Gerais, Bahia e Amazonas est&atilde;o entre os contemplados iniciais. Outros estados participam das propostas com suas frentes parlamentares.&nbsp;<\/p>\n<p>Ou&ccedil;a a reportagem no &iacute;cone abaixo.<\/p>\n","protected":false},"excerpt":{"rendered":"<p>Tramita na C\u00e2mara dos Deputados a proposta de emenda constitucional de n\u00famero 544\/2002. O texto trata da cria\u00e7\u00e3o dos Tribunais Regionais Federais em Curitiba (PR), Belo Horizonte (MG), Salvador (BA) e Manaus (AM). O vice-l\u00edder na C\u00e2mara Federal Zeca Dirceu, \u00e9 um dos organizadores do ato que ir\u00e1 acontecer no dia 22 de novembro, em Bras\u00edlia, que firma a proposta. Ou\u00e7a a reportagem no \u00edcone abaixo.<\/p>\n","protected":false},"author":1,"featured_media":27366,"comment_status":"open","ping_status":"open","sticky":false,"template":"","format":"standard","meta":{"footnotes":""},"categories":[1],"tags":[6383],"class_list":["post-27367","post","type-post","status-publish","format-standard","has-post-thumbnail","hentry","category-noticias-zeca-dirceu","tag-pec-544-2002-criara-tribunais-federais-regionais-no-brasil"],"_links":{"self":[{"href":"https:\/\/teste.bsb.br\/zeca\/wp-json\/wp\/v2\/posts\/27367","targetHints":{"allow":["GET"]}}],"collection":[{"href":"https:\/\/teste.bsb.br\/zeca\/wp-json\/wp\/v2\/posts"}],"about":[{"href":"https:\/\/teste.bsb.br\/zeca\/wp-json\/wp\/v2\/types\/post"}],"author":[{"embeddable":true,"href":"https:\/\/teste.bsb.br\/zeca\/wp-json\/wp\/v2\/users\/1"}],"replies":[{"embeddable":true,"href":"https:\/\/teste.bsb.br\/zeca\/wp-json\/wp\/v2\/comments?post=27367"}],"version-history":[{"count":0,"href":"https:\/\/teste.bsb.br\/zeca\/wp-json\/wp\/v2\/posts\/27367\/revisions"}],"wp:featuredmedia":[{"embeddable":true,"href":"https:\/\/teste.bsb.br\/zeca\/wp-json\/wp\/v2\/media\/27366"}],"wp:attachment":[{"href":"https:\/\/teste.bsb.br\/zeca\/wp-json\/wp\/v2\/media?parent=27367"}],"wp:term":[{"taxonomy":"category","embeddable":true,"href":"https:\/\/teste.bsb.br\/zeca\/wp-json\/wp\/v2\/categories?post=27367"},{"taxonomy":"post_tag","embeddable":true,"href":"https:\/\/teste.bsb.br\/zeca\/wp-json\/wp\/v2\/tags?post=27367"}],"curies":[{"name":"wp","href":"https:\/\/api.w.org\/{rel}","templated":true}]}}