{"id":27361,"date":"2011-11-04T00:00:00","date_gmt":"2011-11-04T02:00:00","guid":{"rendered":"https:\/\/www.zecadirceu.com.br\/um-balanco-do-encontro-de-foz-2\/"},"modified":"2011-11-04T00:00:00","modified_gmt":"2011-11-04T02:00:00","slug":"um-balanco-do-encontro-de-foz-2","status":"publish","type":"post","link":"https:\/\/teste.bsb.br\/zeca\/um-balanco-do-encontro-de-foz-2\/","title":{"rendered":"Um balan\u00e7o do encontro de Foz"},"content":{"rendered":"<p>&nbsp;&nbsp;O 1&ordm; Encontro Mundial de Blogueiros, realizado em Foz do Igua&ccedil;u (PR) nos dias 27, 28 e 29 de outubro, superou as expectativas mais otimistas. Entre os aspectos positivos, vale destacar a representatividade do evento, a rica troca de experi&ecirc;ncias, a aprova&ccedil;&atilde;o de uma pauta que garante a unidade na diversidade deste movimento embrion&aacute;rio e a defini&ccedil;&atilde;o dos seus pr&oacute;ximos passos.<\/p>\n<div style=\"padding-top: 5px; padding-right: 5px; padding-bottom: 5px; padding-left: 5px; margin-top: 0px; margin-right: 0px; margin-bottom: 0px; margin-left: 0px; \">\n<p class=\"MsoNormal\"><o:p><\/o:p><\/p>\n<p class=\"MsoNormal\">Prova do potencial das chamadas novas m&iacute;dias, em menos de quatro meses de prepara&ccedil;&atilde;o foi poss&iacute;vel reunir 468 ativistas digitais, jornalistas, acad&ecirc;micos e estudantes no Cine Barrageiro, em Itaipu (254 provenientes da regi&atilde;o de Foz de Igua&ccedil;u e 214 vindos de outras partes do Brasil e do mundo). O evento contou com a participa&ccedil;&atilde;o de 23 pa&iacute;ses e 17 estados brasileiros (veja abaixo).<o:p><\/o:p><\/p>\n<p class=\"MsoNormal\">Rico interc&acirc;mbio de experi&ecirc;ncias<o:p><\/o:p><\/p>\n<p class=\"MsoNormal\">O encontro cumpriu o seu principal objetivo: o de promover o interc&acirc;mbio de experi&ecirc;ncias sobre o ativismo digital, que joga um papel cada vez mais ativo e protagonista na luta pol&iacute;tica e de id&eacute;ias no mundo &ndash; seja nas revoltas do mundo &aacute;rabe, na chamada &ldquo;revolu&ccedil;&atilde;o dos indignados&rdquo; na Espanha, no Ocupe Wall Street nos EUA ou como contraponto &agrave; m&iacute;dia hegem&ocirc;nica no Brasil.<o:p><\/o:p><\/p>\n<p class=\"MsoNormal\">Os dois debates mais gerais e os quatro pain&eacute;is de experi&ecirc;ncias mostraram a diversidade e pluralidade existentes neste espa&ccedil;o. As pol&ecirc;micas se fizeram presentes nas pr&oacute;prias exposi&ccedil;&otilde;es, que contaram com a contribui&ccedil;&atilde;o de renomados estudiosos e ativistas de v&aacute;rias partes do planeta. As 22 interven&ccedil;&otilde;es evidenciaram os limites, os avan&ccedil;os e as potencialidades das novas m&iacute;dias.<o:p><\/o:p><\/p>\n<p class=\"MsoNormal\">Bandeiras pela democratiza&ccedil;&atilde;o da m&iacute;dia<o:p><\/o:p><\/p>\n<p class=\"MsoNormal\">Na plen&aacute;ria final foi poss&iacute;vel aprovar um documento &ndash; a Carta de Foz &ndash; que apresenta as principais bandeiras de luta deste jovem movimento. Num esfor&ccedil;o para construir a unidade, preservando-se a rica diversidade, o texto defende a liberdade de express&atilde;o e a luta pela democratiza&ccedil;&atilde;o da comunica&ccedil;&atilde;o, a oposi&ccedil;&atilde;o aos monop&oacute;lios midi&aacute;ticos que castram as vozes da sociedade, a luta pelo acesso universal &agrave; banda larga, entre outros pontos estrat&eacute;gicos na atualidade.<o:p><\/o:p><\/p>\n<p class=\"MsoNormal\">Por fim, o evento de Foz n&atilde;o representou um ponto final nesta constru&ccedil;&atilde;o, mas uma v&iacute;rgula. Com o apoio institucional da Itaipu Binacional, ficou decidido que o encontro mundial ser&aacute; anual &ndash; inclusive fazendo parte do calend&aacute;rio oficial de eventos de Foz do Igua&ccedil;u. O pr&oacute;ximo j&aacute; est&aacute; agendado para novembro de 2012.<o:p><\/o:p><\/p>\n<p class=\"MsoNormal\">Os pr&oacute;ximos passos<o:p><\/o:p><\/p>\n<p class=\"MsoNormal\">A iniciativa de reunir os ativistas digitais tamb&eacute;m deixou de ser apenas brasileira. Foi formada uma comiss&atilde;o internacional para difundir o movimento em outros pa&iacute;ses e para organizar o pr&oacute;ximo encontro, composta por:<o:p><\/o:p><\/p>\n<p class=\"MsoNormal\" style=\"margin-bottom: 0.0001pt; \">&#8211; Centro de Estudos da M&iacute;dia Bar&atilde;o de Itarar&eacute;;<o:p><\/o:p><\/p>\n<p class=\"MsoNormal\" style=\"margin-bottom: 0.0001pt; \">&#8211; Associa&ccedil;&atilde;o Brasileira de Empresas e Empreendedores da Comunica&ccedil;&atilde;o (Altercom);<o:p><\/o:p><\/p>\n<p class=\"MsoNormal\" style=\"margin-bottom: 0.0001pt; \">&#8211; Gilmar Piolla (Itaipu);<o:p><\/o:p><\/p>\n<p class=\"MsoNormal\" style=\"margin-bottom: 0.0001pt; \">&#8211; Esmael Morais;<o:p><\/o:p><\/p>\n<p class=\"MsoNormal\" style=\"margin-bottom: 0.0001pt; \">&#8211; Osvaldo Leon (Alai);<o:p><\/o:p><\/p>\n<p class=\"MsoNormal\" style=\"margin-bottom: 0.0001pt; \">&#8211; Iroel S&aacute;nchez (Cuba);<o:p><\/o:p><\/p>\n<p class=\"MsoNormal\" style=\"margin-bottom: 0.0001pt; \"><span lang=\"EN-US\">&#8211; Damian Loreti\/Martin Granovsky (Argentina);<o:p><\/o:p><\/span><\/p>\n<p class=\"MsoNormal\" style=\"margin-bottom: 0.0001pt; \"><span lang=\"EN-US\">&#8211; Andr&eacute;s Conteris\/Jillian York (EUA);<o:p><\/o:p><\/span><\/p>\n<p class=\"MsoNormal\" style=\"margin-bottom: 0.0001pt; \">&#8211; Ign&aacute;cio Ramonet\/Pascual Serrano (Europa);<o:p><\/o:p><\/p>\n<p class=\"MsoNormal\" style=\"margin-bottom: 0.0001pt; \">&#8211; Ahmed Bahgat (Egito).<o:p><\/o:p><\/p>\n<p class=\"MsoNormal\" style=\"margin-bottom: 0.0001pt; \"><o:p>&nbsp;<\/o:p><\/p>\n<p class=\"MsoNormal\">Al&eacute;m do segundo encontro mundial em novembro, tamb&eacute;m ficou agendado um encontro latino-americano para julho pr&oacute;ximo, em Lima, proposto pela Secretaria de Comunica&ccedil;&atilde;o do governo do Peru. Antes, em maio, ocorrer&aacute; o III BlogProg, em Salvador (BA). Ou seja: a agenda dos ativistas digitais est&aacute; carregada e exigir&aacute; muita garra, esp&iacute;rito construtivo e unidade na diversidade.<o:p><\/o:p><\/p>\n<p class=\"MsoNormal\">*****<o:p><\/o:p><\/p>\n<p class=\"MsoNormal\">Pa&iacute;ses presentes em Foz do Igua&ccedil;u<o:p><\/o:p><\/p>\n<p class=\"MsoNormal\" style=\"margin-bottom: 0.0001pt; \">1- Brasil<o:p><\/o:p><\/p>\n<p class=\"MsoNormal\" style=\"margin-bottom: 0.0001pt; \">2- Argentina<o:p><\/o:p><\/p>\n<p class=\"MsoNormal\" style=\"margin-bottom: 0.0001pt; \">3- Paraguai<o:p><\/o:p><\/p>\n<p class=\"MsoNormal\" style=\"margin-bottom: 0.0001pt; \">4- Equador<o:p><\/o:p><\/p>\n<p class=\"MsoNormal\" style=\"margin-bottom: 0.0001pt; \">5- Venezuela<o:p><\/o:p><\/p>\n<p class=\"MsoNormal\" style=\"margin-bottom: 0.0001pt; \">6- Uruguai<o:p><\/o:p><\/p>\n<p class=\"MsoNormal\" style=\"margin-bottom: 0.0001pt; \">7- Peru<o:p><\/o:p><\/p>\n<p class=\"MsoNormal\" style=\"margin-bottom: 0.0001pt; \">8- Col&ocirc;mbia<o:p><\/o:p><\/p>\n<p class=\"MsoNormal\" style=\"margin-bottom: 0.0001pt; \">9- Bol&iacute;via<o:p><\/o:p><\/p>\n<p class=\"MsoNormal\" style=\"margin-bottom: 0.0001pt; \">10- M&eacute;xico<o:p><\/o:p><\/p>\n<p class=\"MsoNormal\" style=\"margin-bottom: 0.0001pt; \">11- Guatemala<o:p><\/o:p><\/p>\n<p class=\"MsoNormal\" style=\"margin-bottom: 0.0001pt; \">12- Honduras<o:p><\/o:p><\/p>\n<p class=\"MsoNormal\" style=\"margin-bottom: 0.0001pt; \">13- Cuba<o:p><\/o:p><\/p>\n<p class=\"MsoNormal\" style=\"margin-bottom: 0.0001pt; \">14- Estados Unidos<o:p><\/o:p><\/p>\n<p class=\"MsoNormal\" style=\"margin-bottom: 0.0001pt; \">15- Canad&aacute;<o:p><\/o:p><\/p>\n<p class=\"MsoNormal\" style=\"margin-bottom: 0.0001pt; \">16- Fran&ccedil;a<o:p><\/o:p><\/p>\n<p class=\"MsoNormal\" style=\"margin-bottom: 0.0001pt; \">17- Espanha<o:p><\/o:p><\/p>\n<p class=\"MsoNormal\" style=\"margin-bottom: 0.0001pt; \">18- Isl&acirc;ndia<o:p><\/o:p><\/p>\n<p class=\"MsoNormal\" style=\"margin-bottom: 0.0001pt; \">19- Egito<o:p><\/o:p><\/p>\n<p class=\"MsoNormal\" style=\"margin-bottom: 0.0001pt; \">20- Ar&aacute;bia Saudita<o:p><\/o:p><\/p>\n<p class=\"MsoNormal\" style=\"margin-bottom: 0.0001pt; \">21- Paquist&atilde;o<o:p><\/o:p><\/p>\n<p class=\"MsoNormal\" style=\"margin-bottom: 0.0001pt; \">22- Jap&atilde;o<o:p><\/o:p><\/p>\n<p class=\"MsoNormal\" style=\"margin-bottom: 0.0001pt; \">23- Isl&acirc;ndia<o:p><\/o:p><\/p>\n<p class=\"MsoNormal\" style=\"margin-bottom: 0.0001pt; \"><o:p>&nbsp;<\/o:p><\/p>\n<p class=\"MsoNormal\">Estados brasileiros<o:p><\/o:p><\/p>\n<p class=\"MsoNormal\"><o:p>&nbsp;<\/o:p><\/p>\n<p class=\"MsoNormal\" style=\"margin-bottom: 0.0001pt; \">1- Rio Grande do Sul<o:p><\/o:p><\/p>\n<p class=\"MsoNormal\" style=\"margin-bottom: 0.0001pt; \">2- Santa Catarina<o:p><\/o:p><\/p>\n<p class=\"MsoNormal\" style=\"margin-bottom: 0.0001pt; \">3- Paran&aacute;<o:p><\/o:p><\/p>\n<p class=\"MsoNormal\" style=\"margin-bottom: 0.0001pt; \">4- S&atilde;o Paulo<o:p><\/o:p><\/p>\n<p class=\"MsoNormal\" style=\"margin-bottom: 0.0001pt; \">5- Rio de Janeiro<o:p><\/o:p><\/p>\n<p class=\"MsoNormal\" style=\"margin-bottom: 0.0001pt; \">6- Minas Gerais<o:p><\/o:p><\/p>\n<p class=\"MsoNormal\" style=\"margin-bottom: 0.0001pt; \">7- Goi&aacute;s<o:p><\/o:p><\/p>\n<p class=\"MsoNormal\" style=\"margin-bottom: 0.0001pt; \">8- Distrito Federal<o:p><\/o:p><\/p>\n<p class=\"MsoNormal\" style=\"margin-bottom: 0.0001pt; \">9- Mato Grosso<o:p><\/o:p><\/p>\n<p class=\"MsoNormal\" style=\"margin-bottom: 0.0001pt; \">10- Bahia<o:p><\/o:p><\/p>\n<p class=\"MsoNormal\" style=\"margin-bottom: 0.0001pt; \">11- Cear&aacute;<o:p><\/o:p><\/p>\n<p class=\"MsoNormal\" style=\"margin-bottom: 0.0001pt; \">12- Maranh&atilde;o<o:p><\/o:p><\/p>\n<p class=\"MsoNormal\" style=\"margin-bottom: 0.0001pt; \">13- Pernambuco<o:p><\/o:p><\/p>\n<p class=\"MsoNormal\" style=\"margin-bottom: 0.0001pt; \">14- Rio Grande do Norte<o:p><\/o:p><\/p>\n<p class=\"MsoNormal\" style=\"margin-bottom: 0.0001pt; \">15- Par&aacute;<o:p><\/o:p><\/p>\n<p class=\"MsoNormal\" style=\"margin-bottom: 0.0001pt; \">16- Acre<o:p><\/o:p><\/p>\n<p class=\"MsoNormal\" style=\"margin-bottom: 0.0001pt; \">17- Amazonas<br \/>\n&nbsp;<\/p>\n<p class=\"MsoNormal\">Por Altamiro Borges<o:p><\/o:p><\/p>\n<p class=\"MsoNormal\">Blog do Miro<\/p>\n<p>Ou&ccedil;a a reportagem no &iacute;cone abaixo<\/p>\n<\/div>\n","protected":false},"excerpt":{"rendered":"<p>O 1\u00ba Encontro Mundial de Blogueiros, realizado em Foz do Igua\u00e7u (PR) nos dias 27, 28 e 29 de outubro, superou as expectativas mais otimistas. Entre os aspectos positivos, vale destacar a representatividade do evento, a rica troca de experi\u00eancias, a aprova\u00e7\u00e3o de uma pauta que garante a unidade na diversidade deste movimento embrion\u00e1rio e a defini\u00e7\u00e3o dos seus pr\u00f3ximos passos.<br \/>\nOu\u00e7a a reportagem no \u00edcone abaixo.<\/p>\n","protected":false},"author":1,"featured_media":27360,"comment_status":"open","ping_status":"open","sticky":false,"template":"","format":"standard","meta":{"footnotes":""},"categories":[1],"tags":[6380],"class_list":["post-27361","post","type-post","status-publish","format-standard","has-post-thumbnail","hentry","category-noticias-zeca-dirceu","tag-um-balanco-do-encontro-de-foz"],"_links":{"self":[{"href":"https:\/\/teste.bsb.br\/zeca\/wp-json\/wp\/v2\/posts\/27361","targetHints":{"allow":["GET"]}}],"collection":[{"href":"https:\/\/teste.bsb.br\/zeca\/wp-json\/wp\/v2\/posts"}],"about":[{"href":"https:\/\/teste.bsb.br\/zeca\/wp-json\/wp\/v2\/types\/post"}],"author":[{"embeddable":true,"href":"https:\/\/teste.bsb.br\/zeca\/wp-json\/wp\/v2\/users\/1"}],"replies":[{"embeddable":true,"href":"https:\/\/teste.bsb.br\/zeca\/wp-json\/wp\/v2\/comments?post=27361"}],"version-history":[{"count":0,"href":"https:\/\/teste.bsb.br\/zeca\/wp-json\/wp\/v2\/posts\/27361\/revisions"}],"wp:featuredmedia":[{"embeddable":true,"href":"https:\/\/teste.bsb.br\/zeca\/wp-json\/wp\/v2\/media\/27360"}],"wp:attachment":[{"href":"https:\/\/teste.bsb.br\/zeca\/wp-json\/wp\/v2\/media?parent=27361"}],"wp:term":[{"taxonomy":"category","embeddable":true,"href":"https:\/\/teste.bsb.br\/zeca\/wp-json\/wp\/v2\/categories?post=27361"},{"taxonomy":"post_tag","embeddable":true,"href":"https:\/\/teste.bsb.br\/zeca\/wp-json\/wp\/v2\/tags?post=27361"}],"curies":[{"name":"wp","href":"https:\/\/api.w.org\/{rel}","templated":true}]}}