{"id":27355,"date":"2011-11-04T00:00:00","date_gmt":"2011-11-04T02:00:00","guid":{"rendered":"https:\/\/www.zecadirceu.com.br\/zeca-comemora-20-academias-da-saude-para-a-regiao\/"},"modified":"2011-11-04T00:00:00","modified_gmt":"2011-11-04T02:00:00","slug":"zeca-comemora-20-academias-da-saude-para-a-regiao","status":"publish","type":"post","link":"https:\/\/teste.bsb.br\/zeca\/zeca-comemora-20-academias-da-saude-para-a-regiao\/","title":{"rendered":"Zeca comemora 20 Academias da Sa\u00fade para a regi\u00e3o"},"content":{"rendered":"<p>&nbsp;Mais de 20 munic&iacute;pios do Paran&aacute; foram contemplados, esta semana, com Academias da Sa&uacute;de. Lan&ccedil;ada em abril, as academias estimulam a cria&ccedil;&atilde;o de espa&ccedil;os adequados para a pr&aacute;tica de atividades f&iacute;sicas e lazer. O deputado Zeca Dirceu ajudou nas tratativas de 20 munic&iacute;pios da regi&atilde;o noroeste e sudoeste do estado, junto ao Minist&eacute;rio da Sa&uacute;de.<\/p>\n<p class=\"MsoNormal\">Amapor&atilde;, Barbosa Ferraz, Santa In&ecirc;s, Vera Cruz do Oeste, Clevel&acirc;ndia, Nova Laranjeiras, Paranava&iacute;, Perobal, Tibagi, Umuarama, Hon&oacute;rio Serpa, Japur&aacute;, Roncador,&nbsp;Mercedes, Laranjeiras do Sul,Ivat&eacute;, Ita&uacute;na do Sul, S&atilde;o Jorge do Oeste,Pinhal&atilde;o&nbsp;e Rondon est&atilde;o entre os munic&iacute;pios contemplados. Em todo o Brasil, foram selecionados dois mil polos que ser&atilde;o instalados em 1.828 munic&iacute;pios. &ldquo;Cada munic&iacute;pio foi contemplado com uma academia. Alguns at&eacute; realizaram mais de uma proposta, mas o Minist&eacute;rio da Sa&uacute;de priorizou o local de maior vulnerabilidade&rdquo; explicou o parlamentar.<\/p>\n<p class=\"MsoNormal\">Zeca Dirceu tamb&eacute;m ressaltou que o valor maior de R$ 180 mil foi estabelecido, pelo Minist&eacute;rio. E que as obras ter&atilde;o um prazo de 24 meses para estarem constru&iacute;das. O valor ser&aacute; pago, pelo Minist&eacute;rio da Sa&uacute;de, em duas parcelas, a primeira disponibilizar&aacute; 70% do valor e a segunda parcela 30%. &nbsp;Os munic&iacute;pios n&atilde;o contemplados poder&atilde;o tentar novamente no ano que vem.&nbsp;<o:p><\/o:p><\/p>\n","protected":false},"excerpt":{"rendered":"<p>Mais de 20 munic\u00edpios do Paran\u00e1 foram contemplados, esta semana, com Academias da Sa\u00fade. Lan\u00e7ada em abril, as academias estimulam a cria\u00e7\u00e3o de espa\u00e7os adequados para a pr\u00e1tica de atividades f\u00edsicas e lazer. O deputado Zeca Dirceu ajudou nas tratativas de 20 munic\u00edpios da regi\u00e3o noroeste e sudoeste do estado, junto ao Minist\u00e9rio da Sa\u00fade.<\/p>\n","protected":false},"author":1,"featured_media":27354,"comment_status":"open","ping_status":"open","sticky":false,"template":"","format":"standard","meta":{"footnotes":""},"categories":[1],"tags":[6378],"class_list":["post-27355","post","type-post","status-publish","format-standard","has-post-thumbnail","hentry","category-noticias-zeca-dirceu","tag-zeca-comemora-15-academias-da-saude-para-a-regiao"],"_links":{"self":[{"href":"https:\/\/teste.bsb.br\/zeca\/wp-json\/wp\/v2\/posts\/27355","targetHints":{"allow":["GET"]}}],"collection":[{"href":"https:\/\/teste.bsb.br\/zeca\/wp-json\/wp\/v2\/posts"}],"about":[{"href":"https:\/\/teste.bsb.br\/zeca\/wp-json\/wp\/v2\/types\/post"}],"author":[{"embeddable":true,"href":"https:\/\/teste.bsb.br\/zeca\/wp-json\/wp\/v2\/users\/1"}],"replies":[{"embeddable":true,"href":"https:\/\/teste.bsb.br\/zeca\/wp-json\/wp\/v2\/comments?post=27355"}],"version-history":[{"count":0,"href":"https:\/\/teste.bsb.br\/zeca\/wp-json\/wp\/v2\/posts\/27355\/revisions"}],"wp:featuredmedia":[{"embeddable":true,"href":"https:\/\/teste.bsb.br\/zeca\/wp-json\/wp\/v2\/media\/27354"}],"wp:attachment":[{"href":"https:\/\/teste.bsb.br\/zeca\/wp-json\/wp\/v2\/media?parent=27355"}],"wp:term":[{"taxonomy":"category","embeddable":true,"href":"https:\/\/teste.bsb.br\/zeca\/wp-json\/wp\/v2\/categories?post=27355"},{"taxonomy":"post_tag","embeddable":true,"href":"https:\/\/teste.bsb.br\/zeca\/wp-json\/wp\/v2\/tags?post=27355"}],"curies":[{"name":"wp","href":"https:\/\/api.w.org\/{rel}","templated":true}]}}