{"id":27351,"date":"2011-11-04T00:00:00","date_gmt":"2011-11-04T02:00:00","guid":{"rendered":"https:\/\/www.zecadirceu.com.br\/parana-livre-da-febre-aftosa-todos-juntos-nesta-luta\/"},"modified":"2011-11-04T00:00:00","modified_gmt":"2011-11-04T02:00:00","slug":"parana-livre-da-febre-aftosa-todos-juntos-nesta-luta","status":"publish","type":"post","link":"https:\/\/teste.bsb.br\/zeca\/parana-livre-da-febre-aftosa-todos-juntos-nesta-luta\/","title":{"rendered":"Paran\u00e1 livre da febre aftosa, todos juntos nesta luta"},"content":{"rendered":"<p>&nbsp;Come&ccedil;ou a segunda etapa da Febre Aftosa no estado do Paran&aacute;. Desde o dia 31 de outubro a meta &eacute; imunizar 9,3 milh&otilde;es de cabe&ccedil;as entre bovinos e bubalinos, de todas as idades, at&eacute; o dia 30 de novembro.<\/p>\n<p class=\"MsoNormal\">Vamos fortalecer a nossa economia paranaense, para que empregos sejam gerados e o nosso rebanho protegido. Temos uma meta bastante ambiciosa que &eacute; a de imunizar mais de 9 milh&otilde;es cabe&ccedil;as de gado.<\/p>\n<p class=\"MsoNormal\">Pe&ccedil;o a aten&ccedil;&atilde;o de todos, fa&ccedil;o uma chamada aos produtores rurais, aos secret&aacute;rios de agricultura, aos pr&oacute;prios prefeitos e aos &oacute;rg&atilde;os de imprensa, para que participem desta mobiliza&ccedil;&atilde;o, que todos sejam sensibilizados, para que o Paran&aacute; possa passar mais um ano livre da febre aftosa. E com isso preservar sua capacidade de comercializa&ccedil;&atilde;o, de carne, n&atilde;o s&oacute; no pa&iacute;s, mas como para todo o mundo.&nbsp;<\/p>\n","protected":false},"excerpt":{"rendered":"<p>Come\u00e7ou a segunda etapa da Febre Aftosa no estado do Paran\u00e1. Desde o dia 31 de outubro a meta \u00e9 imunizar 9,3 milh\u00f5es de cabe\u00e7as entre bovinos e bubalinos, de todas as idades, at\u00e9 o dia 30 de novembro.<br \/>\nVamos fortalecer a nossa economia paranaense, para que empregos sejam gerados e o nosso rebanho protegido. Temos uma meta bastante ambiciosa que \u00e9 a de imunizar mais de 9 milh\u00f5es cabe\u00e7as de gado.<\/p>\n","protected":false},"author":1,"featured_media":27350,"comment_status":"open","ping_status":"open","sticky":false,"template":"","format":"standard","meta":{"footnotes":""},"categories":[1],"tags":[6375,6376],"class_list":["post-27351","post","type-post","status-publish","format-standard","has-post-thumbnail","hentry","category-noticias-zeca-dirceu","tag-parana-livre-da-febre-aftosa","tag-todos-juntos-nesta-luta"],"_links":{"self":[{"href":"https:\/\/teste.bsb.br\/zeca\/wp-json\/wp\/v2\/posts\/27351","targetHints":{"allow":["GET"]}}],"collection":[{"href":"https:\/\/teste.bsb.br\/zeca\/wp-json\/wp\/v2\/posts"}],"about":[{"href":"https:\/\/teste.bsb.br\/zeca\/wp-json\/wp\/v2\/types\/post"}],"author":[{"embeddable":true,"href":"https:\/\/teste.bsb.br\/zeca\/wp-json\/wp\/v2\/users\/1"}],"replies":[{"embeddable":true,"href":"https:\/\/teste.bsb.br\/zeca\/wp-json\/wp\/v2\/comments?post=27351"}],"version-history":[{"count":0,"href":"https:\/\/teste.bsb.br\/zeca\/wp-json\/wp\/v2\/posts\/27351\/revisions"}],"wp:featuredmedia":[{"embeddable":true,"href":"https:\/\/teste.bsb.br\/zeca\/wp-json\/wp\/v2\/media\/27350"}],"wp:attachment":[{"href":"https:\/\/teste.bsb.br\/zeca\/wp-json\/wp\/v2\/media?parent=27351"}],"wp:term":[{"taxonomy":"category","embeddable":true,"href":"https:\/\/teste.bsb.br\/zeca\/wp-json\/wp\/v2\/categories?post=27351"},{"taxonomy":"post_tag","embeddable":true,"href":"https:\/\/teste.bsb.br\/zeca\/wp-json\/wp\/v2\/tags?post=27351"}],"curies":[{"name":"wp","href":"https:\/\/api.w.org\/{rel}","templated":true}]}}