{"id":27345,"date":"2011-11-06T00:00:00","date_gmt":"2011-11-06T02:00:00","guid":{"rendered":"https:\/\/www.zecadirceu.com.br\/congresso-estadual-da-jpt-reune-cerca-de-150-jovens-petista-em-maringa\/"},"modified":"2011-11-06T00:00:00","modified_gmt":"2011-11-06T02:00:00","slug":"congresso-estadual-da-jpt-reune-cerca-de-150-jovens-petista-em-maringa","status":"publish","type":"post","link":"https:\/\/teste.bsb.br\/zeca\/congresso-estadual-da-jpt-reune-cerca-de-150-jovens-petista-em-maringa\/","title":{"rendered":"Congresso Estadual da JPT re\u00fane cerca de 150 jovens petista, em Maring\u00e1"},"content":{"rendered":"<p>&nbsp;O 2&ordm; Congresso Estadual da Juventude do PT (JPT), realizado pela Secretaria de Juventude do PT Paran&aacute;, reuniu 150 jovens paranaenses, em Maring&aacute; nos dias 29 e 30 de outubro. Durante dois dias, o encontro realizou debates sobre as estrat&eacute;gias de atua&ccedil;&atilde;o da JPT para o pr&oacute;ximo bi&ecirc;nio, incluindo atividades de organiza&ccedil;&atilde;o e forma&ccedil;&atilde;o; a mobiliza&ccedil;&atilde;o visando as elei&ccedil;&otilde;es municipais ,al&eacute;m da elei&ccedil;&atilde;o do novo secret&aacute;rio e coletivo estadual da JPT. Tamb&eacute;m foram escolhidos dos delegados que ir&atilde;o representar o Paran&aacute; no Congresso Nacional.<\/p>\n<p class=\"MsoNormal\"><o:p><\/o:p><\/p>\n<p class=\"MsoNormal\">O deputado Zeca Dirceu foi representado por sua equipe. Estiveram presentes, tamb&eacute;m, o presidente estadual do partido, deputado Enio Verri, al&eacute;m dos deputados &nbsp;estaduais Elton Welter e Professor Lemos e dos vereadores de Maring&aacute;, M&aacute;rio Verri e Manoel Sobrinho, do PC do B. A abertura ocorreu na C&acirc;mara de Vereadores.<\/p>\n<p class=\"MsoNormal\">Enio destacou a import&acirc;ncia da mobiliza&ccedil;&atilde;o da juventude para a consolida&ccedil;&atilde;o do projeto de democratiza&ccedil;&atilde;o do socialismo no Brasil. &ldquo;N&atilde;o queremos uma juventude para colar cartazes ou que est&aacute; presente apenas no discurso de &lsquo;constru&ccedil;&atilde;o do futuro&rsquo;. Queremos a juventude participando ativamente do debate sobre a constru&ccedil;&atilde;o das nossas pol&iacute;ticas. N&atilde;o vamos impor, mas sim construir o socialismo no Brasil e a juventude tem papel fundamental neste processo&rdquo;, afirmou. <o:p><\/o:p><\/p>\n<p class=\"MsoNormal\">Ap&oacute;s a abertura o evento teve continuidade na Ch&aacute;cara Reluz, na zona rural de Maring&aacute;, onde foram realizadas as demais atividades. O encontro seguiu com a realiza&ccedil;&atilde;o dos Grupos de Trabalho, que debateram os seguintes temas: Mulheres e LGBT; Sindical e Campesino; Cultura, Esporte e Lazer e Movimento Estudantil.<o:p><\/o:p><\/p>\n<p class=\"MsoNormal\">&nbsp;No domingo, dia 30, pela manh&atilde; os delegados votaram a aprova&ccedil;&atilde;o das propostas debatidas nos GTs e elegeram Carlos Emar Mariucci J&uacute;nior, de Maring&aacute;, o novo secret&aacute;rio de Juventude do PT Paran&aacute;, que assume o cargo no lugar de Amanda Lemes. <o:p><\/o:p><\/p>\n<p class=\"MsoNormal\">&nbsp;&ldquo;A juventude tem obriga&ccedil;&atilde;o assumir responsabilidades de dirig&ecirc;ncia no PT e iremos trabalhar no sentido de consolidar nossa participa&ccedil;&atilde;o em todas as inst&acirc;ncias do partido, nos movimentos e em todas as lutas do Pa&iacute;s e do Paran&aacute;&rdquo;, disse Emar.<\/p>\n<p class=\"MsoNormal\">Tamb&eacute;m foi estabelecida a nova composi&ccedil;&atilde;o do coletivo estadual da JPT, que ter&aacute; 11 membros, e eleitos os delegados paranaenses que ir&atilde;o participar do Congresso Nacional da JPT, em dezembro, em Bras&iacute;lia. A comitiva ser&aacute; composto por oito jovens.<o:p><\/o:p><\/p>\n<p class=\"MsoNormal\">&nbsp;Elei&ccedil;&otilde;es 2012 &ndash; Uma das resolu&ccedil;&otilde;es adotadas pela JPT durante o congresso foi a organiza&ccedil;&atilde;o de uma s&eacute;rie de encontros, nas principais cidades do Paran&aacute;, para organizar a juventude visando as elei&ccedil;&otilde;es municipais do ano que vem. &ldquo;A partir do in&iacute;cio do ano que vem iremos organizar diversos semin&aacute;rios em todo o Paran&aacute; para mobilizar a juventude. O objetivo &eacute; fortalecer a juventude e o PT em todo o Paran&aacute;&rdquo;, disse Emar. <o:p><\/o:p><\/p>\n<p class=\"MsoNormal\"><o:p>&nbsp;Com Assessoria<\/o:p><\/p>\n","protected":false},"excerpt":{"rendered":"<p>O 2\u00ba Congresso Estadual da Juventude do PT (JPT), realizado pela Secretaria de Juventude do PT Paran\u00e1, reuniu 150 jovens paranaenses, em Maring\u00e1 nos dias 29 e 30 de outubro. Durante dois dias, o encontro realizou debates sobre as estrat\u00e9gias de atua\u00e7\u00e3o da JPT para o pr\u00f3ximo bi\u00eanio, incluindo atividades de organiza\u00e7\u00e3o e forma\u00e7\u00e3o; a mobiliza\u00e7\u00e3o visando as elei\u00e7\u00f5es municipais ,al\u00e9m da elei\u00e7\u00e3o do novo secret\u00e1rio e coletivo estadual da JPT. Tamb\u00e9m foram escolhidos dos delegados que ir\u00e3o representar o Paran\u00e1 no Congresso Nacional.<\/p>\n","protected":false},"author":1,"featured_media":27344,"comment_status":"open","ping_status":"open","sticky":false,"template":"","format":"standard","meta":{"footnotes":""},"categories":[1],"tags":[6372,5852],"class_list":["post-27345","post","type-post","status-publish","format-standard","has-post-thumbnail","hentry","category-noticias-zeca-dirceu","tag-congresso-estadual-da-jpt-reune-cerca-de-150-jovens-petista","tag-em-maringa"],"_links":{"self":[{"href":"https:\/\/teste.bsb.br\/zeca\/wp-json\/wp\/v2\/posts\/27345","targetHints":{"allow":["GET"]}}],"collection":[{"href":"https:\/\/teste.bsb.br\/zeca\/wp-json\/wp\/v2\/posts"}],"about":[{"href":"https:\/\/teste.bsb.br\/zeca\/wp-json\/wp\/v2\/types\/post"}],"author":[{"embeddable":true,"href":"https:\/\/teste.bsb.br\/zeca\/wp-json\/wp\/v2\/users\/1"}],"replies":[{"embeddable":true,"href":"https:\/\/teste.bsb.br\/zeca\/wp-json\/wp\/v2\/comments?post=27345"}],"version-history":[{"count":0,"href":"https:\/\/teste.bsb.br\/zeca\/wp-json\/wp\/v2\/posts\/27345\/revisions"}],"wp:featuredmedia":[{"embeddable":true,"href":"https:\/\/teste.bsb.br\/zeca\/wp-json\/wp\/v2\/media\/27344"}],"wp:attachment":[{"href":"https:\/\/teste.bsb.br\/zeca\/wp-json\/wp\/v2\/media?parent=27345"}],"wp:term":[{"taxonomy":"category","embeddable":true,"href":"https:\/\/teste.bsb.br\/zeca\/wp-json\/wp\/v2\/categories?post=27345"},{"taxonomy":"post_tag","embeddable":true,"href":"https:\/\/teste.bsb.br\/zeca\/wp-json\/wp\/v2\/tags?post=27345"}],"curies":[{"name":"wp","href":"https:\/\/api.w.org\/{rel}","templated":true}]}}