{"id":27343,"date":"2011-11-06T00:00:00","date_gmt":"2011-11-06T02:00:00","guid":{"rendered":"https:\/\/www.zecadirceu.com.br\/negociacoes-tentam-equilibrar-o-setor-textil-e-de-confeccao-no-pais\/"},"modified":"2011-11-06T00:00:00","modified_gmt":"2011-11-06T02:00:00","slug":"negociacoes-tentam-equilibrar-o-setor-textil-e-de-confeccao-no-pais","status":"publish","type":"post","link":"https:\/\/teste.bsb.br\/zeca\/negociacoes-tentam-equilibrar-o-setor-textil-e-de-confeccao-no-pais\/","title":{"rendered":"Negocia\u00e7\u00f5es tentam equilibrar o setor t\u00eaxtil e de confec\u00e7\u00e3o no pa\u00eds"},"content":{"rendered":"<p>&nbsp;As negocia&ccedil;&otilde;es com Governo Federal em favor da ind&uacute;stria t&ecirc;xtil e de confec&ccedil;&atilde;o est&atilde;o em andamento.&nbsp; A desonera&ccedil;&atilde;o fiscal prevista na MP 540, aprovada na C&acirc;mara dos Deputados, ir&aacute; passar por reajustes, com a inten&ccedil;&atilde;o de manter medidas com mecanismos de defesa comercial. E com isso equilibrar as importa&ccedil;&otilde;es da China e da &Iacute;ndia, respons&aacute;veis pela limita&ccedil;&atilde;o dos empregos no Brasil; na &aacute;rea t&ecirc;xtil e de confec&ccedil;&atilde;o, na &aacute;rea de sapato e nas outras &aacute;reas que dependem da m&atilde;o de obra manufaturada.<\/p>\n<p class=\"MsoNormal\">Com Plano Brasil Maior e a pr&oacute;pria Medida Provis&oacute;ria 540, o pa&iacute;s institui uma nova pol&iacute;tica de cr&eacute;dito para estas &aacute;reas, que precisam da m&atilde;o de obra. Tamb&eacute;m incentiva o desenvolvimento de pesquisas na &aacute;rea de tecnologia e de inova&ccedil;&atilde;o, do setor.<\/p>\n<p class=\"MsoNormal\">Quando se tira uma contribui&ccedil;&atilde;o de 20%, que era feita ao INSS e inclui a contribui&ccedil;&atilde;o de 1,5% no faturamento, a empresa n&atilde;o beneficia o setor t&ecirc;xtil e de confec&ccedil;&atilde;o e sim as grandes empresas. A parte terceirizada, utilizada por muitas empresas sofrem um pouco. Ent&atilde;o &eacute; uma conta complexa. O assunto foi debatido em v&aacute;rias reuni&otilde;es no Minist&eacute;rio da Fazenda e no Minist&eacute;rio da Ind&uacute;stria e Com&eacute;rcio, o resultado foi uma emenda, sugerida por mim, inclusive, a qual reduza o &iacute;ndice de imposto de 1,5% proposto no faturamento, para 0,8%. Representantes, como Fernando Pimentel, diretor superintendente da Associa&ccedil;&atilde;o Brasileira de T&ecirc;xtil( Abit) defende esta negocia&ccedil;&atilde;o, e tamb&eacute;m o presidente da C&acirc;mara Marco Maia. Com isso, outras reuni&otilde;es ser&atilde;o marcadas para definir a situa&ccedil;&atilde;o. Acompanhe a reportagem no &iacute;cone abaixo.&nbsp;<\/p>\n","protected":false},"excerpt":{"rendered":"<p>As negocia\u00e7\u00f5es com Governo Federal em favor da ind\u00fastria t\u00eaxtil e de confec\u00e7\u00e3o est\u00e3o em andamento.  A desonera\u00e7\u00e3o fiscal prevista na MP 540, aprovada na C\u00e2mara dos Deputados, ir\u00e1 passar por reajustes, com a inten\u00e7\u00e3o de manter medidas com mecanismos de defesa comercial. E com isso equilibrar as importa\u00e7\u00f5es da China e da \u00cdndia, respons\u00e1veis pela limita\u00e7\u00e3o dos empregos no Brasil; na \u00e1rea t\u00eaxtil e de confec\u00e7\u00e3o, na \u00e1rea de sapato e nas outras \u00e1reas que dependem da m\u00e3o de obra manufaturada.Acompanhe a reportagem no \u00edcone abaixo.<\/p>\n","protected":false},"author":1,"featured_media":27342,"comment_status":"open","ping_status":"open","sticky":false,"template":"","format":"standard","meta":{"footnotes":""},"categories":[1],"tags":[6371],"class_list":["post-27343","post","type-post","status-publish","format-standard","has-post-thumbnail","hentry","category-noticias-zeca-dirceu","tag-negociacoes-tentam-equilibrar-o-setor-textil-e-de-confeccao-no-pais"],"_links":{"self":[{"href":"https:\/\/teste.bsb.br\/zeca\/wp-json\/wp\/v2\/posts\/27343","targetHints":{"allow":["GET"]}}],"collection":[{"href":"https:\/\/teste.bsb.br\/zeca\/wp-json\/wp\/v2\/posts"}],"about":[{"href":"https:\/\/teste.bsb.br\/zeca\/wp-json\/wp\/v2\/types\/post"}],"author":[{"embeddable":true,"href":"https:\/\/teste.bsb.br\/zeca\/wp-json\/wp\/v2\/users\/1"}],"replies":[{"embeddable":true,"href":"https:\/\/teste.bsb.br\/zeca\/wp-json\/wp\/v2\/comments?post=27343"}],"version-history":[{"count":0,"href":"https:\/\/teste.bsb.br\/zeca\/wp-json\/wp\/v2\/posts\/27343\/revisions"}],"wp:featuredmedia":[{"embeddable":true,"href":"https:\/\/teste.bsb.br\/zeca\/wp-json\/wp\/v2\/media\/27342"}],"wp:attachment":[{"href":"https:\/\/teste.bsb.br\/zeca\/wp-json\/wp\/v2\/media?parent=27343"}],"wp:term":[{"taxonomy":"category","embeddable":true,"href":"https:\/\/teste.bsb.br\/zeca\/wp-json\/wp\/v2\/categories?post=27343"},{"taxonomy":"post_tag","embeddable":true,"href":"https:\/\/teste.bsb.br\/zeca\/wp-json\/wp\/v2\/tags?post=27343"}],"curies":[{"name":"wp","href":"https:\/\/api.w.org\/{rel}","templated":true}]}}