{"id":27339,"date":"2011-11-06T00:00:00","date_gmt":"2011-11-06T02:00:00","guid":{"rendered":"https:\/\/www.zecadirceu.com.br\/umuarama-recebe-recursos-federais-para-assentamento-de-110-familias\/"},"modified":"2011-11-06T00:00:00","modified_gmt":"2011-11-06T02:00:00","slug":"umuarama-recebe-recursos-federais-para-assentamento-de-110-familias","status":"publish","type":"post","link":"https:\/\/teste.bsb.br\/zeca\/umuarama-recebe-recursos-federais-para-assentamento-de-110-familias\/","title":{"rendered":"&#8206;Umuarama recebe recursos federais para assentamento de 110 fam\u00edlias"},"content":{"rendered":"<p>&nbsp;Foi divulgada pelo Governo Federal a libera&ccedil;&atilde;o de R$ 4 milh&otilde;es, do PAC2, para regularizar fam&iacute;lias que vivem, h&aacute; mais de 15 anos, em &aacute;reas irregulares em Umuarama. &nbsp;O an&uacute;ncio foi realizado pelo prefeito Moacir Silva, atrav&eacute;s das redes sociais, o qual agradeceu o desempenho do deputado federal Zeca Dirceu.<\/p>\n<p class=\"MsoNormal\">Os recursos destinam-se ao assentamento de 110 fam&iacute;lias que vivem nas &aacute;reas conhecidas como Sete Alqueires e Portelinha, ao lado do Parque Jabuticabeiras, na cidade. S&atilde;o constru&ccedil;&otilde;es ilegais em &aacute;rea de prote&ccedil;&atilde;o ambiental, que cercam as nascentes dos rios que abastecem o munic&iacute;pio.<\/p>\n<p class=\"MsoNormal\">&quot;Fim de um problema que se arrasta por mais de 15 anos. A mudan&ccedil;a das fam&iacute;lias daquelas localidades vem sendo debatida h&aacute; anos, e s&oacute; agora pudemos encontrar uma solu&ccedil;&atilde;o, atrav&eacute;s de projetos que enviamos ao Governo Federal&rdquo;, explicou o prefeito Moacir Silva.<\/p>\n<p class=\"MsoNormal\">Para o deputado Zeca Dirceu os esfor&ccedil;os somados motivam as realiza&ccedil;&otilde;es. &ldquo;Agrade&ccedil;o ao prefeito pelo reconhecimento da nossa luta, pelo desenvolvimento de Umuarama. Os resultados s&oacute; me motivam a trabalhar dobrado para novas conquistas&rdquo;, concluiu o deputado.<\/p>\n","protected":false},"excerpt":{"rendered":"<p>Foi divulgada pelo Governo Federal a libera\u00e7\u00e3o de R$ 4 milh\u00f5es, do PAC2, para regularizar fam\u00edlias que vivem, h\u00e1 mais de 15 anos, em \u00e1reas irregulares em Umuarama.  O an\u00fancio foi realizado pelo prefeito Moacir Silva, atrav\u00e9s das redes sociais, o qual agradeceu o desempenho do deputado federal Zeca Dirceu.<\/p>\n","protected":false},"author":1,"featured_media":27338,"comment_status":"open","ping_status":"open","sticky":false,"template":"","format":"standard","meta":{"footnotes":""},"categories":[1],"tags":[6369],"class_list":["post-27339","post","type-post","status-publish","format-standard","has-post-thumbnail","hentry","category-noticias-zeca-dirceu","tag-umuarama-recebe-recursos-federais-para-assentamento-de-110-familias"],"_links":{"self":[{"href":"https:\/\/teste.bsb.br\/zeca\/wp-json\/wp\/v2\/posts\/27339","targetHints":{"allow":["GET"]}}],"collection":[{"href":"https:\/\/teste.bsb.br\/zeca\/wp-json\/wp\/v2\/posts"}],"about":[{"href":"https:\/\/teste.bsb.br\/zeca\/wp-json\/wp\/v2\/types\/post"}],"author":[{"embeddable":true,"href":"https:\/\/teste.bsb.br\/zeca\/wp-json\/wp\/v2\/users\/1"}],"replies":[{"embeddable":true,"href":"https:\/\/teste.bsb.br\/zeca\/wp-json\/wp\/v2\/comments?post=27339"}],"version-history":[{"count":0,"href":"https:\/\/teste.bsb.br\/zeca\/wp-json\/wp\/v2\/posts\/27339\/revisions"}],"wp:featuredmedia":[{"embeddable":true,"href":"https:\/\/teste.bsb.br\/zeca\/wp-json\/wp\/v2\/media\/27338"}],"wp:attachment":[{"href":"https:\/\/teste.bsb.br\/zeca\/wp-json\/wp\/v2\/media?parent=27339"}],"wp:term":[{"taxonomy":"category","embeddable":true,"href":"https:\/\/teste.bsb.br\/zeca\/wp-json\/wp\/v2\/categories?post=27339"},{"taxonomy":"post_tag","embeddable":true,"href":"https:\/\/teste.bsb.br\/zeca\/wp-json\/wp\/v2\/tags?post=27339"}],"curies":[{"name":"wp","href":"https:\/\/api.w.org\/{rel}","templated":true}]}}