{"id":27319,"date":"2011-11-07T00:00:00","date_gmt":"2011-11-07T02:00:00","guid":{"rendered":"https:\/\/www.zecadirceu.com.br\/500-quadras-serao-pavimentadas-na-regiao-do-sao-jorge-e-vila-operaria-em-paranavai\/"},"modified":"2011-11-07T00:00:00","modified_gmt":"2011-11-07T02:00:00","slug":"500-quadras-serao-pavimentadas-na-regiao-do-sao-jorge-e-vila-operaria-em-paranavai","status":"publish","type":"post","link":"https:\/\/teste.bsb.br\/zeca\/500-quadras-serao-pavimentadas-na-regiao-do-sao-jorge-e-vila-operaria-em-paranavai\/","title":{"rendered":"500 quadras ser\u00e3o pavimentadas na regi\u00e3o do S\u00e3o Jorge e Vila Oper\u00e1ria, em Paranava\u00ed"},"content":{"rendered":"<p>&nbsp;Asfalto novo para 504 quadras. Assim ser&aacute; investido parte (cerca de 80%) dos R$ 30 milh&otilde;es conquistados por Paranava&iacute; atrav&eacute;s do PAC 2 (segunda etapa do Programa de Acelera&ccedil;&atilde;o do Crescimento), do Governo Federal, informou a assessoria de imprensa da Prefeitura.<\/p>\n<p class=\"MsoNormal\"><o:p><\/o:p><\/p>\n<p class=\"MsoNormal\">O parecer favor&aacute;vel ao financiamento foi encaminhado nesta semana pela Secretaria do Tesouro Nacional (STN) e o contrato dever&aacute; ser assinado pelo munic&iacute;pio junto &agrave; Caixa Econ&ocirc;mica Federal (CEF) dentro de 30 dias.<o:p><\/o:p><\/p>\n<p class=\"MsoNormal\">A primeira parcela do recurso, mais de R$ 10 milh&otilde;es, deve sair nos pr&oacute;ximos meses e a previs&atilde;o &eacute; que as obras sejam iniciadas em fevereiro de 2012.<o:p><\/o:p><\/p>\n<p class=\"MsoNormal\">O projeto completo contempla a execu&ccedil;&atilde;o de drenagem, pavimenta&ccedil;&atilde;o, recape e cal&ccedil;adas em toda a zona sul da cidade e ir&aacute; beneficiar os seguintes bairros: Vila Oper&aacute;ria, Jardim Simone, Vila Alta, Conjunto Habitacional H&eacute;lio Lopes, Laranjeiras, Conjunto Habitacional Dona Josefa, Jardim S&atilde;o Jorge, Coloninha, Campo Belo, Matarazzo\/Harmonia e entorno.<o:p><\/o:p><\/p>\n<p class=\"MsoNormal\">De acordo com o prefeito licenciado, Rog&eacute;rio Lorenzetti, poucos munic&iacute;pios captaram tanto recurso no PAC 2 como Paranava&iacute;. O valor &eacute; o segundo maior conquistado no estado, e o primeiro proporcional ao n&uacute;mero de habitantes. A quantia corresponde a aproximadamente 25% de todo o recurso que foi liberado pelo PAC 2 para o Paran&aacute;. <o:p><\/o:p><\/p>\n<p class=\"MsoNormal\">Na opini&atilde;o de Lorenzetti, o recurso do PAC 2 s&oacute; encontra paralelo, pelo volume de investimentos do Governo Federal de uma s&oacute; vez, no projeto CURA, executado pelo ent&atilde;o prefeito Jos&eacute; Vaz de Carvalho, no final da d&eacute;cada de 70, que pavimentou o Jardim S&atilde;o Jorge. Isso h&aacute; mais de 30 anos. <o:p><\/o:p><\/p>\n<p class=\"MsoNormal\">Um balan&ccedil;o apresentado pela Secretaria Municipal de Gest&atilde;o mostrou ainda que os R$ 30 milh&otilde;es conquistados junto ao Governo Federal de uma &uacute;nica vez s&atilde;o superiores aos empr&eacute;stimos e conv&ecirc;nios que haviam sido conquistados pelo munic&iacute;pio junto ao Estado e &agrave; Uni&atilde;o nos &uacute;ltimos nove anos, pouco mais de R$ 29 milh&otilde;es. <o:p><\/o:p><\/p>\n<p class=\"MsoNormal\">Segundo Rog&eacute;rio, isso s&oacute; foi poss&iacute;vel gra&ccedil;as a aprova&ccedil;&atilde;o do Projeto PMAT (Programa de Moderniza&ccedil;&atilde;o da Administra&ccedil;&atilde;o Tribut&aacute;ria), que permitiu o incremento da receita municipal, sem onerar a popula&ccedil;&atilde;o, e, consequentemente aumentou a capacidade de endividamento do munic&iacute;pio.<o:p><\/o:p><\/p>\n<p class=\"MsoNormal\">&ldquo;A boa not&iacute;cia que recebemos nesta semana foi o coroamento de um trabalho de dois anos, que come&ccedil;ou l&aacute; em 2009, quando participamos de audi&ecirc;ncias com a ent&atilde;o ministra chefe da Casa Civil, Dilma Rousseff, e a ent&atilde;o coordenadora do PAC, Mirian Belchior, e, mais recentemente, com a participa&ccedil;&atilde;o do deputado federal Zeca Dirceu, que marcou as audi&ecirc;ncias e acompanhou toda a tramita&ccedil;&atilde;o dos projetos&rdquo;, lembrou Rog&eacute;rio. <o:p><\/o:p><\/p>\n<p class=\"MsoNormal\">De l&aacute; pra c&aacute; foram in&uacute;meras reuni&otilde;es, audi&ecirc;ncias e viagens a Bras&iacute;lia. &ldquo;Destaca-se, aqui, o trabalho incessante dos t&eacute;cnicos da Prefeitura que se desdobraram para cumprir todos os prazos do programa&rdquo;, completou o prefeito licenciado. Ele se refere aos prazos para apresenta&ccedil;&atilde;o dos projetos de engenharia junto ao agente financeiro, entrega de documentos complementares, entre outros. <o:p><\/o:p><\/p>\n<p class=\"MsoNormal\">H&aacute; pouco menos de um m&ecirc;s, os t&eacute;cnicos tiveram que refazer os projetos e suprimir alguns investimentos em recapeamento, j&aacute; que o STN havia contingenciado o financiamento a R$ 30 milh&otilde;es, contra os R$ 34 milh&otilde;es previstos inicialmente. Isso aconteceu porque a capacidade de endividamento do munic&iacute;pio foi reduzida em raz&atilde;o da d&iacute;vida com o INSS, uma vez que gest&otilde;es anteriores n&atilde;o pagaram o d&eacute;bito. <o:p><\/o:p><\/p>\n<p class=\"MsoNormal\">De acordo com Lorenzetti, a readequa&ccedil;&atilde;o do projeto n&atilde;o significar&aacute; preju&iacute;zo &agrave; popula&ccedil;&atilde;o, uma vez que a Secretaria de Infraestrutura ficar&aacute; respons&aacute;vel por executar, com estrutura e recursos pr&oacute;prios, o que foi retirado do PAC 2. De acordo com o secret&aacute;rio de Infraestrutura, Eur&iacute;pedes Lemes Silva, n&atilde;o haver&aacute; problema na inclus&atilde;o destes novos servi&ccedil;os em sua programa&ccedil;&atilde;o, j&aacute; que, segundo ele, a usina de asfalto continua operando a todo vapor. <o:p><\/o:p><\/p>\n<p class=\"MsoNormal\">Rog&eacute;rio destaca ainda que o PAC 2 &eacute; um projeto que beneficia toda a cidade, e n&atilde;o somente a regi&atilde;o da Vila Oper&aacute;ria e Jardim S&atilde;o Jorge. Isso porque, com a aplica&ccedil;&atilde;o dos R$ 30 milh&otilde;es nesta regi&atilde;o, outros financiamentos e recursos pr&oacute;prios e a fundo perdido ser&atilde;o utilizados em outras &aacute;reas da cidade.<o:p><\/o:p><\/p>\n<p class=\"MsoNormal\">SANEPAR &#8211; O PAC 2 ainda reserva mais investimentos para Paranava&iacute;. Isso porque, o BNDES j&aacute; aprovou o projeto encaminhado pela Sanepar, tamb&eacute;m dentro do PAC 2, que prev&ecirc; investimentos de R$ 16 milh&otilde;es na cidade. O recurso ser&aacute; utilizado na constru&ccedil;&atilde;o de redes coletoras de &aacute;gua e na amplia&ccedil;&atilde;o do sistema de saneamento b&aacute;sico. Este projeto n&atilde;o tem necessidade de passar pelo STN, raz&atilde;o pela qual tramitou mais rapidamente.<o:p><\/o:p><\/p>\n<p class=\"MsoNormal\">&nbsp;Fonte:O Di&aacute;rio do Noroeste<\/p>\n","protected":false},"excerpt":{"rendered":"<p>Asfalto novo para 504 quadras. Assim ser\u00e1 investido parte (cerca de 80%) dos R$ 30 milh\u00f5es conquistados por Paranava\u00ed atrav\u00e9s do PAC 2 (segunda etapa do Programa de Acelera\u00e7\u00e3o do Crescimento), do Governo Federal, informou a assessoria de imprensa da Prefeitura de Paranava\u00ed.<\/p>\n","protected":false},"author":1,"featured_media":27318,"comment_status":"open","ping_status":"open","sticky":false,"template":"","format":"standard","meta":{"footnotes":""},"categories":[1],"tags":[6361],"class_list":["post-27319","post","type-post","status-publish","format-standard","has-post-thumbnail","hentry","category-noticias-zeca-dirceu","tag-500-quadras-serao-pavimentadas-na-regiao-do-sao-jorge-e-vila-operaria"],"_links":{"self":[{"href":"https:\/\/teste.bsb.br\/zeca\/wp-json\/wp\/v2\/posts\/27319","targetHints":{"allow":["GET"]}}],"collection":[{"href":"https:\/\/teste.bsb.br\/zeca\/wp-json\/wp\/v2\/posts"}],"about":[{"href":"https:\/\/teste.bsb.br\/zeca\/wp-json\/wp\/v2\/types\/post"}],"author":[{"embeddable":true,"href":"https:\/\/teste.bsb.br\/zeca\/wp-json\/wp\/v2\/users\/1"}],"replies":[{"embeddable":true,"href":"https:\/\/teste.bsb.br\/zeca\/wp-json\/wp\/v2\/comments?post=27319"}],"version-history":[{"count":0,"href":"https:\/\/teste.bsb.br\/zeca\/wp-json\/wp\/v2\/posts\/27319\/revisions"}],"wp:featuredmedia":[{"embeddable":true,"href":"https:\/\/teste.bsb.br\/zeca\/wp-json\/wp\/v2\/media\/27318"}],"wp:attachment":[{"href":"https:\/\/teste.bsb.br\/zeca\/wp-json\/wp\/v2\/media?parent=27319"}],"wp:term":[{"taxonomy":"category","embeddable":true,"href":"https:\/\/teste.bsb.br\/zeca\/wp-json\/wp\/v2\/categories?post=27319"},{"taxonomy":"post_tag","embeddable":true,"href":"https:\/\/teste.bsb.br\/zeca\/wp-json\/wp\/v2\/tags?post=27319"}],"curies":[{"name":"wp","href":"https:\/\/api.w.org\/{rel}","templated":true}]}}