{"id":27305,"date":"2011-11-07T00:00:00","date_gmt":"2011-11-07T02:00:00","guid":{"rendered":"https:\/\/www.zecadirceu.com.br\/distrito-de-sao-camilo-recebe-verbas-federais-para-termino-de-obras\/"},"modified":"2011-11-07T00:00:00","modified_gmt":"2011-11-07T02:00:00","slug":"distrito-de-sao-camilo-recebe-verbas-federais-para-termino-de-obras","status":"publish","type":"post","link":"https:\/\/teste.bsb.br\/zeca\/distrito-de-sao-camilo-recebe-verbas-federais-para-termino-de-obras\/","title":{"rendered":"Distrito de S\u00e3o Camilo recebe verbas federais para t\u00e9rmino de obras"},"content":{"rendered":"<p>&nbsp;O Minist&eacute;rio das Cidades repassou &agrave; Prefeitura de Palotina, na &uacute;ltima ter&ccedil;a-feira, 1&ordm;, a primeira parcela do pagamento das obras de pavimenta&ccedil;&atilde;o asf&aacute;ltica e drenagem de &aacute;guas pluviais do Distrito de S&atilde;o Camilo. Os recursos, da ordem de R$ R$ 165,24 mil, foram tratativas do deputado federal Zeca Dirceu (PT-PR), para a cidade.<\/p>\n<p class=\"MsoNormal\"><o:p><\/o:p><\/p>\n<p class=\"MsoNormal\">&nbsp;&ldquo;Com esta verba do Minist&eacute;rio das Cidades est&aacute; sendo implantado um conjunto grande de melhorias para a popula&ccedil;&atilde;o do Distrito de S&atilde;o Camilo, de Palotina. Obra importante que ir&aacute; melhorar a qualidade de ir e vir das pessoas. Fico feliz por ter colaborado para que estes investimentos se tornassem realidade&rdquo;, disse Zeca Dirceu.<o:p><\/o:p><\/p>\n<p class=\"MsoNormal\">As obras que tiveram in&iacute;cio em 28 de junho, deste ano, recebem a primeira parcela do valor total de R$ 180 mil de recursos federais e R$ 24,28 mil de verbas municipais, totalizando R$204,28 mil a obra.&nbsp; A ordem paga pelo Minist&eacute;rio das Cidades corresponde h&aacute; cerca de 70% do valor solicitado.<\/p>\n","protected":false},"excerpt":{"rendered":"<p>O Minist\u00e9rio das Cidades repassou \u00e0 Prefeitura de Palotina, na \u00faltima ter\u00e7a-feira, 1\u00ba, a primeira parcela do pagamento das obras de pavimenta\u00e7\u00e3o asf\u00e1ltica e drenagem de \u00e1guas pluviais do Distrito de S\u00e3o Camilo. Os recursos, da ordem de R$ R$ 165,24 mil, foram tratativas do deputado federal Zeca Dirceu (PT-PR), para a cidade.<\/p>\n","protected":false},"author":1,"featured_media":27304,"comment_status":"open","ping_status":"open","sticky":false,"template":"","format":"standard","meta":{"footnotes":""},"categories":[1],"tags":[6355],"class_list":["post-27305","post","type-post","status-publish","format-standard","has-post-thumbnail","hentry","category-noticias-zeca-dirceu","tag-distrito-de-sao-camilo-recebe-verbas-federais-para-termino-de-obras"],"_links":{"self":[{"href":"https:\/\/teste.bsb.br\/zeca\/wp-json\/wp\/v2\/posts\/27305","targetHints":{"allow":["GET"]}}],"collection":[{"href":"https:\/\/teste.bsb.br\/zeca\/wp-json\/wp\/v2\/posts"}],"about":[{"href":"https:\/\/teste.bsb.br\/zeca\/wp-json\/wp\/v2\/types\/post"}],"author":[{"embeddable":true,"href":"https:\/\/teste.bsb.br\/zeca\/wp-json\/wp\/v2\/users\/1"}],"replies":[{"embeddable":true,"href":"https:\/\/teste.bsb.br\/zeca\/wp-json\/wp\/v2\/comments?post=27305"}],"version-history":[{"count":0,"href":"https:\/\/teste.bsb.br\/zeca\/wp-json\/wp\/v2\/posts\/27305\/revisions"}],"wp:featuredmedia":[{"embeddable":true,"href":"https:\/\/teste.bsb.br\/zeca\/wp-json\/wp\/v2\/media\/27304"}],"wp:attachment":[{"href":"https:\/\/teste.bsb.br\/zeca\/wp-json\/wp\/v2\/media?parent=27305"}],"wp:term":[{"taxonomy":"category","embeddable":true,"href":"https:\/\/teste.bsb.br\/zeca\/wp-json\/wp\/v2\/categories?post=27305"},{"taxonomy":"post_tag","embeddable":true,"href":"https:\/\/teste.bsb.br\/zeca\/wp-json\/wp\/v2\/tags?post=27305"}],"curies":[{"name":"wp","href":"https:\/\/api.w.org\/{rel}","templated":true}]}}