{"id":27303,"date":"2011-11-07T00:00:00","date_gmt":"2011-11-07T02:00:00","guid":{"rendered":"https:\/\/www.zecadirceu.com.br\/gleisi-hoffmann-hoje-a-noite-no-encontro-da-faciap-em-foz-do-iguacu\/"},"modified":"2011-11-07T00:00:00","modified_gmt":"2011-11-07T02:00:00","slug":"gleisi-hoffmann-hoje-a-noite-no-encontro-da-faciap-em-foz-do-iguacu","status":"publish","type":"post","link":"https:\/\/teste.bsb.br\/zeca\/gleisi-hoffmann-hoje-a-noite-no-encontro-da-faciap-em-foz-do-iguacu\/","title":{"rendered":"Gleisi Hoffmann hoje \u00e0 noite no encontro da Faciap em Foz do Igua\u00e7u"},"content":{"rendered":"<p>&nbsp;<span class=\"Apple-style-span\" style=\"color: rgb(17, 17, 17); font-family: verdana, 'Lucida Grande', arial, sans-serif; font-size: 15px; line-height: 23px; \">A ministra-chefe da Casa Civil, Gleisi Hoffmann participa nesta segunda-feira (07), &agrave;s 20 horas, do 6&ordm; Encontro do Conselho Estadual da Mulher Empres&aacute;ria, em Foz do Igua&ccedil;u, no Paran&aacute;, representando a presidenta Dilma Rousseff.<\/span><\/p>\n<p style=\"margin-top: 0px; margin-right: 0px; margin-bottom: 1.5385em; margin-left: 0px; padding-top: 0px; padding-right: 0px; padding-bottom: 0px; padding-left: 0px; border-top-width: 0px; border-right-width: 0px; border-bottom-width: 0px; border-left-width: 0px; border-style: initial; border-color: initial; outline-width: 0px; outline-style: initial; outline-color: initial; font-size: 15px; vertical-align: baseline; background-image: initial; background-attachment: initial; background-origin: initial; background-clip: initial; color: rgb(17, 17, 17); font-family: verdana, 'Lucida Grande', arial, sans-serif; line-height: 23px; text-align: left; \">&nbsp;<\/p>\n<p style=\"margin-top: 0px; margin-right: 0px; margin-bottom: 1.5385em; margin-left: 0px; padding-top: 0px; padding-right: 0px; padding-bottom: 0px; padding-left: 0px; border-top-width: 0px; border-right-width: 0px; border-bottom-width: 0px; border-left-width: 0px; border-style: initial; border-color: initial; outline-width: 0px; outline-style: initial; outline-color: initial; font-size: 15px; vertical-align: baseline; background-image: initial; background-attachment: initial; background-origin: initial; background-clip: initial; color: rgb(17, 17, 17); font-family: verdana, 'Lucida Grande', arial, sans-serif; line-height: 23px; text-align: left; \">O evento faz parte da 21&ordf; Conven&ccedil;&atilde;o Anual da Federa&ccedil;&atilde;o das Associa&ccedil;&otilde;es Comerciais e Empresariais do Estado do Paran&aacute; (Faciap).<\/p>\n<p style=\"margin-top: 0px; margin-right: 0px; margin-bottom: 1.5385em; margin-left: 0px; padding-top: 0px; padding-right: 0px; padding-bottom: 0px; padding-left: 0px; border-top-width: 0px; border-right-width: 0px; border-bottom-width: 0px; border-left-width: 0px; border-style: initial; border-color: initial; outline-width: 0px; outline-style: initial; outline-color: initial; font-size: 15px; vertical-align: baseline; background-image: initial; background-attachment: initial; background-origin: initial; background-clip: initial; color: rgb(17, 17, 17); font-family: verdana, 'Lucida Grande', arial, sans-serif; line-height: 23px; text-align: left; \">A ministra ser&aacute; uma das anfitri&atilde;s do encontro e discursar&aacute; sobre o lan&ccedil;amento dos Programas Bom Neg&oacute;cio Paran&aacute; e Banco do Empreendedor do Paran&aacute;.<\/p>\n<p style=\"margin-top: 0px; margin-right: 0px; margin-bottom: 1.5385em; margin-left: 0px; padding-top: 0px; padding-right: 0px; padding-bottom: 0px; padding-left: 0px; border-top-width: 0px; border-right-width: 0px; border-bottom-width: 0px; border-left-width: 0px; border-style: initial; border-color: initial; outline-width: 0px; outline-style: initial; outline-color: initial; font-size: 15px; vertical-align: baseline; background-image: initial; background-attachment: initial; background-origin: initial; background-clip: initial; color: rgb(17, 17, 17); font-family: verdana, 'Lucida Grande', arial, sans-serif; line-height: 23px; text-align: left; \">O principal objetivo do evento &eacute; o de envolver as Associa&ccedil;&otilde;es Comerciais e Empresariais do Estado do Paran&aacute; no crescimento local, em todas as &aacute;reas, para que os micro e pequenos empres&aacute;rios possam ser bem assessorados e cres&ccedil;am junto com a cidade.<\/p>\n<p>Blog do Esmael<\/p>\n","protected":false},"excerpt":{"rendered":"<p>A ministra-chefe da Casa Civil, Gleisi Hoffmann participa nesta segunda-feira (07), \u00e0s 20 horas, do 6\u00ba Encontro do Conselho Estadual da Mulher Empres\u00e1ria, em Foz do Igua\u00e7u, no Paran\u00e1, representando a presidenta Dilma Rousseff.<\/p>\n","protected":false},"author":1,"featured_media":27302,"comment_status":"open","ping_status":"open","sticky":false,"template":"","format":"standard","meta":{"footnotes":""},"categories":[1],"tags":[6354],"class_list":["post-27303","post","type-post","status-publish","format-standard","has-post-thumbnail","hentry","category-noticias-zeca-dirceu","tag-gleisi-hoffmann-hoje-a-noite-no-encontro-da-faciap-em-foz-do-iguacu"],"_links":{"self":[{"href":"https:\/\/teste.bsb.br\/zeca\/wp-json\/wp\/v2\/posts\/27303","targetHints":{"allow":["GET"]}}],"collection":[{"href":"https:\/\/teste.bsb.br\/zeca\/wp-json\/wp\/v2\/posts"}],"about":[{"href":"https:\/\/teste.bsb.br\/zeca\/wp-json\/wp\/v2\/types\/post"}],"author":[{"embeddable":true,"href":"https:\/\/teste.bsb.br\/zeca\/wp-json\/wp\/v2\/users\/1"}],"replies":[{"embeddable":true,"href":"https:\/\/teste.bsb.br\/zeca\/wp-json\/wp\/v2\/comments?post=27303"}],"version-history":[{"count":0,"href":"https:\/\/teste.bsb.br\/zeca\/wp-json\/wp\/v2\/posts\/27303\/revisions"}],"wp:featuredmedia":[{"embeddable":true,"href":"https:\/\/teste.bsb.br\/zeca\/wp-json\/wp\/v2\/media\/27302"}],"wp:attachment":[{"href":"https:\/\/teste.bsb.br\/zeca\/wp-json\/wp\/v2\/media?parent=27303"}],"wp:term":[{"taxonomy":"category","embeddable":true,"href":"https:\/\/teste.bsb.br\/zeca\/wp-json\/wp\/v2\/categories?post=27303"},{"taxonomy":"post_tag","embeddable":true,"href":"https:\/\/teste.bsb.br\/zeca\/wp-json\/wp\/v2\/tags?post=27303"}],"curies":[{"name":"wp","href":"https:\/\/api.w.org\/{rel}","templated":true}]}}