{"id":27299,"date":"2011-11-08T00:00:00","date_gmt":"2011-11-08T02:00:00","guid":{"rendered":"https:\/\/www.zecadirceu.com.br\/belvedere-vai-ganhar-duas-obras-na-saude-em-umuarama\/"},"modified":"2011-11-08T00:00:00","modified_gmt":"2011-11-08T02:00:00","slug":"belvedere-vai-ganhar-duas-obras-na-saude-em-umuarama","status":"publish","type":"post","link":"https:\/\/teste.bsb.br\/zeca\/belvedere-vai-ganhar-duas-obras-na-saude-em-umuarama\/","title":{"rendered":"Belvedere vai ganhar duas obras na Sa\u00fade, em Umuarama"},"content":{"rendered":"<p>&nbsp;Dentro dos pr&oacute;ximos 60 dias dever&aacute; ser iniciada a constru&ccedil;&atilde;o da Unidade B&aacute;sica de Sa&uacute;de (UBS) do Jardim Belvedere, que ir&aacute; substituir o atual posto de sa&uacute;de do Parque D. Bosco cujas instala&ccedil;&otilde;es n&atilde;o atendem a demanda oferecida pelos v&aacute;rios bairros daquela regi&atilde;o da cidade. A obra j&aacute; se encontra em fase de licita&ccedil;&atilde;o na Prefeitura de Umuarama, cujo processo demora cerca de 45 dias para ser conclu&iacute;do.<br style=\"font-family: 'Trebuchet MS', ARIAL; text-align: justify; \" \/><br \/>\n<br \/>\nA informa&ccedil;&atilde;o &eacute; do prefeito Moacir Silva, acrescentando que a UBS ser&aacute; constru&iacute;da com recursos provenientes da segunda fase do Programa de Acelera&ccedil;&atilde;o do Crescimento, o PAC-2, com contrapartida do munic&iacute;pio. A obra est&aacute; or&ccedil;ada em R$ 368.842,03, sendo que o Minist&eacute;rio da Sa&uacute;de entra com R$ 200.000,00 e o restante fica por conta da Prefeitura.<br style=\"font-family: 'Trebuchet MS', ARIAL; text-align: justify; \" \/><br \/>\nOs 276,39 metros quadrados da UBS v&atilde;o abrigar tr&ecirc;s consult&oacute;rios m&eacute;dicos, um consult&oacute;rio odontol&oacute;gico e salas para inala&ccedil;&atilde;o, esteriliza&ccedil;&atilde;o, curativos, vacina&ccedil;&atilde;o, farm&aacute;cia, instala&ccedil;&otilde;es sanit&aacute;rias e outras depend&ecirc;ncias. &ldquo;A obra dever&aacute; estar conclu&iacute;da em 5 meses, a contar do in&iacute;cio da constru&ccedil;&atilde;o&rdquo;, acrescentou Moacir Silva.<br style=\"font-family: 'Trebuchet MS', ARIAL; text-align: justify; \" \/><br \/>\nAcademia de sa&uacute;de<br style=\"font-family: 'Trebuchet MS', ARIAL; text-align: justify; \" \/><br \/>\n<br \/>\nO Jardim Belvedere tamb&eacute;m vai receber uma Academia de Sa&uacute;de, que ser&aacute; instalada ao lado da UBS a ser constru&iacute;da. A garantia foi dada pelo deputado federal Zeca Dirceu que informou ao prefeito de Umuarama a autoriza&ccedil;&atilde;o dada pelo Minist&eacute;rio da Sa&uacute;de para a instala&ccedil;&atilde;o da academia. Moacir Silva informou que o bairro foi escolhido por ser o &uacute;nico que possu&iacute;a terreno em nome do munic&iacute;pio com as dimens&otilde;es exigidas pelo programa governamental.<br style=\"font-family: 'Trebuchet MS', ARIAL; text-align: justify; \" \/><br \/>\n<br \/>\nEssa academia &eacute; considerada da modalidade b&aacute;sica, custar&aacute; R$ 80 mil e ter&aacute; equipamentos como barras para flex&atilde;o de bra&ccedil;os vertical; barras para flex&atilde;o de bra&ccedil;os horizontal; barras fixas para apoio e exerc&iacute;cios; pranchas para exerc&iacute;cios abdominais; e espaldar. Nos 250 metros quadrados da &aacute;rea da academia ainda haver&aacute; espa&ccedil;o externo coberto destinado a atividades coletivas relacionadas &agrave;s pr&aacute;ticas corporais\/atividades f&iacute;sicas, artes &ndash; teatro, m&uacute;sica e artesanato &ndash; e reuni&otilde;es de grupos.<\/p>\n<p>Prefeitura<br style=\"font-family: 'Trebuchet MS', ARIAL; text-align: justify; \" \/><br \/>\n&nbsp;<\/p>\n","protected":false},"excerpt":{"rendered":"<p>Dentro dos pr\u00f3ximos 60 dias dever\u00e1 ser iniciada a constru\u00e7\u00e3o da Unidade B\u00e1sica de Sa\u00fade (UBS) do Jardim Belvedere, que ir\u00e1 substituir o atual posto de sa\u00fade do Parque D. Bosco cujas instala\u00e7\u00f5es n\u00e3o atendem a demanda oferecida pelos v\u00e1rios bairros daquela regi\u00e3o da cidade. A obra j\u00e1 se encontra em fase de licita\u00e7\u00e3o na Prefeitura de Umuarama, cujo processo demora cerca de 45 dias para ser conclu\u00eddo.<br \/>\nA garantia foi dada pelo deputado federal Zeca Dirceu que informou ao prefeito de Umuarama a autoriza\u00e7\u00e3o dada pelo Minist\u00e9rio da Sa\u00fade para a instala\u00e7\u00e3o da academia.<\/p>\n","protected":false},"author":1,"featured_media":27298,"comment_status":"open","ping_status":"open","sticky":false,"template":"","format":"standard","meta":{"footnotes":""},"categories":[1],"tags":[6353],"class_list":["post-27299","post","type-post","status-publish","format-standard","has-post-thumbnail","hentry","category-noticias-zeca-dirceu","tag-belvedere-vai-ganhar-duas-obras-na-saude"],"_links":{"self":[{"href":"https:\/\/teste.bsb.br\/zeca\/wp-json\/wp\/v2\/posts\/27299","targetHints":{"allow":["GET"]}}],"collection":[{"href":"https:\/\/teste.bsb.br\/zeca\/wp-json\/wp\/v2\/posts"}],"about":[{"href":"https:\/\/teste.bsb.br\/zeca\/wp-json\/wp\/v2\/types\/post"}],"author":[{"embeddable":true,"href":"https:\/\/teste.bsb.br\/zeca\/wp-json\/wp\/v2\/users\/1"}],"replies":[{"embeddable":true,"href":"https:\/\/teste.bsb.br\/zeca\/wp-json\/wp\/v2\/comments?post=27299"}],"version-history":[{"count":0,"href":"https:\/\/teste.bsb.br\/zeca\/wp-json\/wp\/v2\/posts\/27299\/revisions"}],"wp:featuredmedia":[{"embeddable":true,"href":"https:\/\/teste.bsb.br\/zeca\/wp-json\/wp\/v2\/media\/27298"}],"wp:attachment":[{"href":"https:\/\/teste.bsb.br\/zeca\/wp-json\/wp\/v2\/media?parent=27299"}],"wp:term":[{"taxonomy":"category","embeddable":true,"href":"https:\/\/teste.bsb.br\/zeca\/wp-json\/wp\/v2\/categories?post=27299"},{"taxonomy":"post_tag","embeddable":true,"href":"https:\/\/teste.bsb.br\/zeca\/wp-json\/wp\/v2\/tags?post=27299"}],"curies":[{"name":"wp","href":"https:\/\/api.w.org\/{rel}","templated":true}]}}