{"id":27287,"date":"2011-11-08T00:00:00","date_gmt":"2011-11-08T02:00:00","guid":{"rendered":"https:\/\/www.zecadirceu.com.br\/parana-tera-algumas-das-taxas-mais-caras-do-sul\/"},"modified":"2011-11-08T00:00:00","modified_gmt":"2011-11-08T02:00:00","slug":"parana-tera-algumas-das-taxas-mais-caras-do-sul","status":"publish","type":"post","link":"https:\/\/teste.bsb.br\/zeca\/parana-tera-algumas-das-taxas-mais-caras-do-sul\/","title":{"rendered":"Paran\u00e1 ter\u00e1 algumas das taxas mais caras do Sul"},"content":{"rendered":"<p>&nbsp;O projeto de lei que reajusta as taxas do Departamento Estadual de Tr&acirc;nsito do Paran&aacute; (Detran-PR) vai tornar algumas das tarifas cobradas dos paranaenses as mais caras do Sul do pa&iacute;s. Levantamento feito pela Gazeta do Povo com 13 servi&ccedil;os muito procurados nos Detrans mostra que, ao menos em sete deles, as taxas do Paran&aacute; ser&atilde;o maiores do que as do Rio Grande do Sul e de Santa Catarina. Uma das taxas do Paran&aacute; &ndash; a do curso de reciclagem &ndash; vai ficar a mais cara do Sul e do Sudeste. O valor atual, de R$ 65,24, j&aacute; era o maior cobrado para se fazer o curso nas duas regi&otilde;es. Com o reajuste, vai para R$ 89,00.<\/p>\n<p class=\"MsoNormal\"><o:p><\/o:p><\/p>\n<p class=\"MsoNormal\">O levantamento n&atilde;o leva em conta poss&iacute;veis redu&ccedil;&otilde;es do valor cobrado que devem ser propostas ao projeto de lei hoje, por meio de emendas (a &uacute;nica exce&ccedil;&atilde;o foi o novo valor do curso de reciclagem &ndash; redu&ccedil;&atilde;o de R$ 239,40, no projeto original, para R$ 89,00). No entanto, o comparativo da reportagem revela que a proposta aprovada ontem n&atilde;o promove apenas a equipara&ccedil;&atilde;o das taxas paranaenses com as de outros estados, como alegava o governo ao enviar a mensagem &agrave; Assembleia.<o:p><\/o:p><\/p>\n<p class=\"MsoNormal\">O levantamento da Gazeta do Povo mostra que o motorista paranaense vai passar a pagar mais caro que os catarinenses e ga&uacute;chos quando tiver de transferir a propriedade do ve&iacute;culo; pelo servi&ccedil;o de lacre da placa do ve&iacute;culo; pelo licenciamento do ve&iacute;culo; pela emiss&atilde;o da Carteira Nacional de Habilita&ccedil;&atilde;o (CNH); pelo primeiro registro do ve&iacute;culo; pela avalia&ccedil;&atilde;o psicol&oacute;gica; e quando tiver que fazer o curso de reciclagem &ndash; necess&aacute;rio quando o motorista perde o direito de dirigir.<o:p><\/o:p><\/p>\n<p class=\"MsoNormal\">&nbsp;<o:p><\/o:p><\/p>\n<p class=\"MsoNormal\">&ldquo;Readequa&ccedil;&atilde;o&rdquo;<o:p><\/o:p><\/p>\n<p class=\"MsoNormal\">Na mensagem encaminhada para a Assembleia, o governador Beto Richa (PSDB) ressalta que &ldquo;nos &uacute;ltimos anos n&atilde;o foi editada nenhuma lei no sentido de atualizar as taxas cobradas pelo Detran&rdquo; e que, por causa disso, seria necess&aacute;rio a &ldquo;readequa&ccedil;&atilde;o&rdquo; dos valores.<o:p><\/o:p><\/p>\n<p class=\"MsoNormal\">Richa destaca ainda que, apesar do reajuste nas tarifas, os valores praticados pelo Detran paranaense ficar&atilde;o ainda abaixo dos cobrados por outros estados. A compara&ccedil;&atilde;o, no entanto, foi feita com apenas quatro servi&ccedil;os. Um dos exemplos apresentados pelo governo foi o da tarifa do licenciamento anual &ndash; que sobe de R$ 30,99 para R$ 58,14. No projeto, a compara&ccedil;&atilde;o foi feita com os estados de Sergipe, Bahia, Rio de Janeiro e S&atilde;o Paulo.<o:p><\/o:p><\/p>\n<p class=\"MsoNormal\"><o:p>&nbsp;<\/o:p><\/p>\n<p class=\"MsoNormal\">Karlos Kohlbach\/Jess&eacute; Lima\/Gazeta do Povo<\/p>\n","protected":false},"excerpt":{"rendered":"<p>O levantamento da Gazeta do Povo mostra que o motorista paranaense vai passar a pagar mais caro que os catarinenses e ga\u00fachos quando tiver de transferir a propriedade do ve\u00edculo; pelo servi\u00e7o de lacre da placa do ve\u00edculo; pelo licenciamento do ve\u00edculo; pela emiss\u00e3o da Carteira Nacional de Habilita\u00e7\u00e3o (CNH); pelo primeiro registro do ve\u00edculo; pela avalia\u00e7\u00e3o psicol\u00f3gica; e quando tiver que fazer o curso de reciclagem \u2013 necess\u00e1rio quando o motorista perde o direito de dirigir.<\/p>\n","protected":false},"author":1,"featured_media":27286,"comment_status":"open","ping_status":"open","sticky":false,"template":"","format":"standard","meta":{"footnotes":""},"categories":[1],"tags":[6346],"class_list":["post-27287","post","type-post","status-publish","format-standard","has-post-thumbnail","hentry","category-noticias-zeca-dirceu","tag-parana-tera-algumas-das-taxas-mais-caras-do-sul"],"_links":{"self":[{"href":"https:\/\/teste.bsb.br\/zeca\/wp-json\/wp\/v2\/posts\/27287","targetHints":{"allow":["GET"]}}],"collection":[{"href":"https:\/\/teste.bsb.br\/zeca\/wp-json\/wp\/v2\/posts"}],"about":[{"href":"https:\/\/teste.bsb.br\/zeca\/wp-json\/wp\/v2\/types\/post"}],"author":[{"embeddable":true,"href":"https:\/\/teste.bsb.br\/zeca\/wp-json\/wp\/v2\/users\/1"}],"replies":[{"embeddable":true,"href":"https:\/\/teste.bsb.br\/zeca\/wp-json\/wp\/v2\/comments?post=27287"}],"version-history":[{"count":0,"href":"https:\/\/teste.bsb.br\/zeca\/wp-json\/wp\/v2\/posts\/27287\/revisions"}],"wp:featuredmedia":[{"embeddable":true,"href":"https:\/\/teste.bsb.br\/zeca\/wp-json\/wp\/v2\/media\/27286"}],"wp:attachment":[{"href":"https:\/\/teste.bsb.br\/zeca\/wp-json\/wp\/v2\/media?parent=27287"}],"wp:term":[{"taxonomy":"category","embeddable":true,"href":"https:\/\/teste.bsb.br\/zeca\/wp-json\/wp\/v2\/categories?post=27287"},{"taxonomy":"post_tag","embeddable":true,"href":"https:\/\/teste.bsb.br\/zeca\/wp-json\/wp\/v2\/tags?post=27287"}],"curies":[{"name":"wp","href":"https:\/\/api.w.org\/{rel}","templated":true}]}}