{"id":27273,"date":"2011-11-08T00:00:00","date_gmt":"2011-11-08T02:00:00","guid":{"rendered":"https:\/\/www.zecadirceu.com.br\/governo-lanca-programa-melhor-em-casa-para-ampliar-atendimento-domiciliar-do-sus\/"},"modified":"2011-11-08T00:00:00","modified_gmt":"2011-11-08T02:00:00","slug":"governo-lanca-programa-melhor-em-casa-para-ampliar-atendimento-domiciliar-do-sus","status":"publish","type":"post","link":"https:\/\/teste.bsb.br\/zeca\/governo-lanca-programa-melhor-em-casa-para-ampliar-atendimento-domiciliar-do-sus\/","title":{"rendered":"Governo lan\u00e7a programa Melhor em Casa para ampliar atendimento domiciliar do SUS"},"content":{"rendered":"<p>A presidenta Dilma Rousseff lan&ccedil;ou hoje (8) o programa Melhor em Casa, com o objetivo de ampliar o atendimento domiciliar do Sistema &Uacute;nico de Sa&uacute;de (SUS). A meta do governo federal &eacute; que, at&eacute; 2014, o programa tenha mil equipes de aten&ccedil;&atilde;o domiciliar e 400 de apoio atuando em todo o pa&iacute;s, informou o ministro da Sa&uacute;de, Alexandre Padilha, em entrevista coletiva no Pal&aacute;cio do Planalto. <\/p>\n<p>A expectativa &eacute; que os investimentos cheguem a R$ 1 bilh&atilde;o, que ser&atilde;o utilizados no custeio e manuten&ccedil;&atilde;o dos servi&ccedil;os, como na compra de equipamentos e rem&eacute;dios. Em 2011 j&aacute; ser&atilde;o repassados R$ 8,6 milh&otilde;es aos estados e munic&iacute;pios. <\/p>\n<p>Segundo o ministro, cada equipe multidisciplinar ser&aacute; formada prioritariamente por m&eacute;dicos, enfermeiros, t&eacute;cnicos em enfermagem e fisioterapeutas e poder&aacute; atender, em m&eacute;dia, 60 pacientes por m&ecirc;s. O objetivo &eacute; levar atendimento m&eacute;dico &agrave;s casas de pessoas com necessidade de reabilita&ccedil;&atilde;o motora, idosos, pacientes cr&ocirc;nicos sem agravamento ou em situa&ccedil;&atilde;o p&oacute;s-cir&uacute;rgica. <\/p>\n<p>&ldquo;Todos os munic&iacute;pios que tiverem cobertura do Samu e que tiverem uma retaguarda hospitalar que tenha pelo menos 60 leitos e UTI &ndash; que esse &eacute; o crit&eacute;rio fundamental &ndash; poder&atilde;o aderir ao Melhor em Casa&rdquo;, destacou Alexandre Padilha. <\/p>\n<p>Outra novidade apresentada pelo ministro &eacute; a isen&ccedil;&atilde;o da tarifa de luz para pacientes do Sa&uacute;de em Casa que precisarem de equipamentos que necessitam de energia el&eacute;trica. Para ter direito &agrave; isen&ccedil;&atilde;o total na tarifa de eletricidade, a fam&iacute;lia deve estar inscrita no Cadastro &Uacute;nico do governo federal para programas sociais. A isen&ccedil;&atilde;o ser&aacute; pelo per&iacute;odo em que o paciente necessitar dos equipamentos. <br \/>\n<strong><br \/>\nSOS Emerg&ecirc;ncias <\/strong><br \/>\nO governo lan&ccedil;ou ainda uma a&ccedil;&atilde;o estrat&eacute;gica para melhorar a gest&atilde;o e o atendimento nos 40 maiores prontos-socorros brasileiros. Inicialmente, o SOS Emerg&ecirc;ncias ser&aacute; implantado em 11 hospitais que possuem mais de 100 leitos, tem pronto-socorro e realizam grande n&uacute;mero de interna&ccedil;&otilde;es e atendimentos ambulatoriais por dia. <\/p>\n<p>Cada um desses hospitais receber&aacute;, anualmente, R$ 3,6 milh&otilde;es do Minist&eacute;rio da Sa&uacute;de para custear a amplia&ccedil;&atilde;o e qualifica&ccedil;&atilde;o da assist&ecirc;ncia da emerg&ecirc;ncia. Tamb&eacute;m poder&atilde;o receber individualmente at&eacute; R$ 3 milh&otilde;es para aquisi&ccedil;&atilde;o de equipamentos e realiza&ccedil;&atilde;o de obras e reformas na &aacute;rea f&iacute;sica do pronto-socorro.<\/p>\n<p>&ldquo;Sabemos que ofertar o al&iacute;vio imediato ao sofrimento pode ser decisivo para a vida da pessoa e, por isso, essa &eacute; uma a&ccedil;&atilde;o inovadora. Mapeamos as principais urg&ecirc;ncias do pa&iacute;s, pela import&acirc;ncia da rede, atendimento, cobertura da popula&ccedil;&atilde;o e o fato de serem decisivos no momento mais cr&iacute;tico de salvar uma vida&rdquo;, enfatizou o Ministro da Sa&uacute;de, Alexandre Padilha. <\/p>\n<p>O SOS Emerg&ecirc;ncias dever&aacute; funcionar articulado com os demais servi&ccedil;os de urg&ecirc;ncia e emerg&ecirc;ncia que comp&otilde;em a Rede Sa&uacute;de Toda Hora, coordenada pelo Minist&eacute;rio da Sa&uacute;de e executada pelos gestores estaduais e municipais em todo o pa&iacute;s. Esses servi&ccedil;os englobam o SAMU 192, UPAS 24 horas, Salas de Estabiliza&ccedil;&atilde;o, servi&ccedil;os da Aten&ccedil;&atilde;o B&aacute;sica e Melhor em Casa.<\/p>\n<p>Fonte: Blog do Planalto<\/p>\n<p><\/p>\n","protected":false},"excerpt":{"rendered":"<p>A presidenta Dilma Rousseff lan\u00e7ou hoje (8) o programa Melhor em Casa, com o objetivo de ampliar o atendimento domiciliar do Sistema \u00danico de Sa\u00fade (SUS). A meta do governo federal \u00e9 que, at\u00e9 2014, o programa tenha mil equipes de aten\u00e7\u00e3o domiciliar e 400 de apoio atuando em todo o pa\u00eds, informou o ministro da Sa\u00fade, Alexandre Padilha, em entrevista coletiva no Pal\u00e1cio do Planalto.<\/p>\n","protected":false},"author":1,"featured_media":27272,"comment_status":"open","ping_status":"open","sticky":false,"template":"","format":"standard","meta":{"footnotes":""},"categories":[1],"tags":[961,6341],"class_list":["post-27273","post","type-post","status-publish","format-standard","has-post-thumbnail","hentry","category-noticias-zeca-dirceu","tag-lancamento","tag-melhor-em-casa"],"_links":{"self":[{"href":"https:\/\/teste.bsb.br\/zeca\/wp-json\/wp\/v2\/posts\/27273","targetHints":{"allow":["GET"]}}],"collection":[{"href":"https:\/\/teste.bsb.br\/zeca\/wp-json\/wp\/v2\/posts"}],"about":[{"href":"https:\/\/teste.bsb.br\/zeca\/wp-json\/wp\/v2\/types\/post"}],"author":[{"embeddable":true,"href":"https:\/\/teste.bsb.br\/zeca\/wp-json\/wp\/v2\/users\/1"}],"replies":[{"embeddable":true,"href":"https:\/\/teste.bsb.br\/zeca\/wp-json\/wp\/v2\/comments?post=27273"}],"version-history":[{"count":0,"href":"https:\/\/teste.bsb.br\/zeca\/wp-json\/wp\/v2\/posts\/27273\/revisions"}],"wp:featuredmedia":[{"embeddable":true,"href":"https:\/\/teste.bsb.br\/zeca\/wp-json\/wp\/v2\/media\/27272"}],"wp:attachment":[{"href":"https:\/\/teste.bsb.br\/zeca\/wp-json\/wp\/v2\/media?parent=27273"}],"wp:term":[{"taxonomy":"category","embeddable":true,"href":"https:\/\/teste.bsb.br\/zeca\/wp-json\/wp\/v2\/categories?post=27273"},{"taxonomy":"post_tag","embeddable":true,"href":"https:\/\/teste.bsb.br\/zeca\/wp-json\/wp\/v2\/tags?post=27273"}],"curies":[{"name":"wp","href":"https:\/\/api.w.org\/{rel}","templated":true}]}}