{"id":27267,"date":"2011-11-09T00:00:00","date_gmt":"2011-11-09T02:00:00","guid":{"rendered":"https:\/\/www.zecadirceu.com.br\/campi-do-ifpr-de-goioere-deve-sair-do-papel-em-breve\/"},"modified":"2011-11-09T00:00:00","modified_gmt":"2011-11-09T02:00:00","slug":"campi-do-ifpr-de-goioere-deve-sair-do-papel-em-breve","status":"publish","type":"post","link":"https:\/\/teste.bsb.br\/zeca\/campi-do-ifpr-de-goioere-deve-sair-do-papel-em-breve\/","title":{"rendered":"Campi do IFPR de Goioer\u00ea deve sair do papel em breve"},"content":{"rendered":"<p>&nbsp;&nbsp;&nbsp;&nbsp;&nbsp;&nbsp;&nbsp;&nbsp;&nbsp;&nbsp;&nbsp; O reitor do IFPR, Irineu Colombo, informou nesta ter&ccedil;a-feira (08) ao deputado federal Zeca Dirceu (PT-PR) que uma equipe t&eacute;cnica do Instituto Federal do Paran&aacute; (IFPR) visitar&aacute; o munic&iacute;pio de Goioer&ecirc; para checar a viabilidade da constru&ccedil;&atilde;o de um campi no munic&iacute;pio.<\/p>\n<p>&nbsp;&nbsp;&nbsp;&nbsp;&nbsp;&nbsp;&nbsp;&nbsp;&nbsp;&nbsp;&nbsp; No &acirc;mbito da amplia&ccedil;&atilde;o da Rede Federal de Educa&ccedil;&atilde;o Profissional, Cient&iacute;fica e Tecnol&oacute;gica, a presidenta Dilma anunciou, em agosto, a constru&ccedil;&atilde;o de sete novos campis do Instituto Federal do Paran&aacute;. Goioer&ecirc;, no entanto, n&atilde;o foi contemplado na ocasi&atilde;o.<\/p>\n<p>&nbsp;&nbsp;&nbsp;&nbsp;&nbsp;&nbsp;&nbsp;&nbsp;&nbsp;&nbsp;&nbsp;&nbsp; A visita t&eacute;cnica acontecer&aacute; no dia 1&ordm; de dezembro e ser&aacute; um passo importante no processo de consolida&ccedil;&atilde;o do IFPR em Goioer&ecirc;. Os t&eacute;cnicos visitar&atilde;o o terreno disponibilizado pela prefeitura para checar a viabiliza&ccedil;&atilde;o da &aacute;rea e ajustar&atilde;o alguns detalhes para que todos os crit&eacute;rios necess&aacute;rios possam ser contemplados. N&atilde;o havendo mais nenhuma pend&ecirc;ncia, Goioer&ecirc; ter&aacute; uma extens&atilde;o de um dos campi j&aacute; existentes no Paran&aacute; e futuramente, um campi oficial.<\/p>\n<p>&nbsp;&nbsp;&nbsp;&nbsp;&nbsp;&nbsp;&nbsp;&nbsp;&nbsp;&nbsp;&nbsp; &ldquo;Desde o in&iacute;cio de meu mandato, venho defendendo, junto ao governo federal, a implanta&ccedil;&atilde;o de um campi em Goioer&ecirc; at&eacute; por ser um importante p&oacute;lo regional&rdquo;, destacou o deputado Zeca Dirceu. Na ocasi&atilde;o do an&uacute;ncio da amplia&ccedil;&atilde;o da Rede Federal de Educa&ccedil;&atilde;o, o reitor Irineu Colombo manifestou seu apoio ao pleito. &ldquo;Sem d&uacute;vida, Goioer&ecirc; merece. Sou solid&aacute;rio &agrave; demanda do deputado Zeca Dirceu e acredito que &eacute; v&aacute;lida a implementa&ccedil;&atilde;o de uma extens&atilde;o de outro campi e, futuramente, um campi pr&oacute;prio&rdquo;, afirmou o reitor.<\/p>\n<p>&nbsp;&nbsp;&nbsp;&nbsp;&nbsp;&nbsp;&nbsp;&nbsp;&nbsp;&nbsp;&nbsp; Extens&atilde;o<\/p>\n<p>&nbsp;&nbsp;&nbsp;&nbsp;&nbsp;&nbsp;&nbsp;&nbsp;&nbsp;&nbsp;&nbsp; O deputado Zeca Dirceu lembrou que, h&aacute; quatro anos atr&aacute;s, no momento do an&uacute;ncio de alguns campi oficiais no Paran&aacute;, o munic&iacute;pio de Assis Chateaubriand n&atilde;o foi contemplado. No entanto, pouco tempo depois acabou sendo implementada uma extens&atilde;o no munic&iacute;pio e, em agosto, foi anunciado pela presidenta Dilma a consolida&ccedil;&atilde;o de um campi oficial em Assis Chateaubriand. &ldquo;Estou otimista que Goioer&ecirc; seguir&aacute; o exemplo de Assis e, aos poucos, ter&aacute; um ensino t&eacute;cnico cada vez mais qualificado&rdquo;, concluiu o parlamentar.<\/p>\n","protected":false},"excerpt":{"rendered":"<p>O reitor do IFPR, Irineu Colombo, informou nesta ter\u00e7a-feira (08) ao deputado federal Zeca Dirceu (PT-PR) que uma equipe t\u00e9cnica do Instituto Federal do Paran\u00e1 (IFPR) visitar\u00e1 o munic\u00edpio de Goioer\u00ea para checar a viabilidade da constru\u00e7\u00e3o de um campi no munic\u00edpio.<\/p>\n","protected":false},"author":1,"featured_media":27266,"comment_status":"open","ping_status":"open","sticky":false,"template":"","format":"standard","meta":{"footnotes":""},"categories":[1],"tags":[452,79],"class_list":["post-27267","post","type-post","status-publish","format-standard","has-post-thumbnail","hentry","category-noticias-zeca-dirceu","tag-goioere","tag-ifpr"],"_links":{"self":[{"href":"https:\/\/teste.bsb.br\/zeca\/wp-json\/wp\/v2\/posts\/27267","targetHints":{"allow":["GET"]}}],"collection":[{"href":"https:\/\/teste.bsb.br\/zeca\/wp-json\/wp\/v2\/posts"}],"about":[{"href":"https:\/\/teste.bsb.br\/zeca\/wp-json\/wp\/v2\/types\/post"}],"author":[{"embeddable":true,"href":"https:\/\/teste.bsb.br\/zeca\/wp-json\/wp\/v2\/users\/1"}],"replies":[{"embeddable":true,"href":"https:\/\/teste.bsb.br\/zeca\/wp-json\/wp\/v2\/comments?post=27267"}],"version-history":[{"count":0,"href":"https:\/\/teste.bsb.br\/zeca\/wp-json\/wp\/v2\/posts\/27267\/revisions"}],"wp:featuredmedia":[{"embeddable":true,"href":"https:\/\/teste.bsb.br\/zeca\/wp-json\/wp\/v2\/media\/27266"}],"wp:attachment":[{"href":"https:\/\/teste.bsb.br\/zeca\/wp-json\/wp\/v2\/media?parent=27267"}],"wp:term":[{"taxonomy":"category","embeddable":true,"href":"https:\/\/teste.bsb.br\/zeca\/wp-json\/wp\/v2\/categories?post=27267"},{"taxonomy":"post_tag","embeddable":true,"href":"https:\/\/teste.bsb.br\/zeca\/wp-json\/wp\/v2\/tags?post=27267"}],"curies":[{"name":"wp","href":"https:\/\/api.w.org\/{rel}","templated":true}]}}